{"id":363366,"date":"2026-04-29T16:32:15","date_gmt":"2026-04-29T19:32:15","guid":{"rendered":"http:\/\/www.noticiasdelparana.com.ar\/NuevaEdicion\/?p=363366"},"modified":"2026-04-29T16:32:19","modified_gmt":"2026-04-29T19:32:19","slug":"chaco-giros-tributo-a-fito-paez-se-presenta-en-el-italo-argentino-en-el-marco-del-ciclo-pulsar-tramas-en-movimiento","status":"publish","type":"post","link":"http:\/\/www.noticiasdelparana.com.ar\/NuevaEdicion\/2026\/04\/29\/chaco-giros-tributo-a-fito-paez-se-presenta-en-el-italo-argentino-en-el-marco-del-ciclo-pulsar-tramas-en-movimiento\/","title":{"rendered":"CHACO: Giros- Tributo A Fito P\u00e1ez Se Presenta En El \u00cdtalo Argentino, En El Marco Del Ciclo \u201cPulsar: Tramas En Movimiento\u201d"},"content":{"rendered":"\n<p>La cita es el 16 de mayo a las 22hs en el Centro Cultural \u00cdtalo Argentino (avenida Chaco 1701). Las entradas tienen un valor de $7.000 y podes reservar comunic\u00e1ndote al instagram @italoargentinocc o con cualquiera de los integrantes.<\/p>\n","protected":false},"excerpt":{"rendered":"<p>29-Abr-26 La banda, compuesta por Lucas Gonz\u00e1lez en voz y guitarra, Facundo Cardoso en guitarra, David Kantor en teclados, Rub\u00e9n San Cristobal en bajo, y Daniel Maldonado en bater\u00eda, es m\u00e1s que una banda tributo; son un grupo de m\u00fasicos apasionados que comparten el amor por la obra de uno de los grandes del rock argentino y prometen que cada presentaci\u00f3n sea un viaje emocional a trav\u00e9s de los hits que marcaron generaciones.<\/p>\n","protected":false},"author":4,"featured_media":363361,"comment_status":"closed","ping_status":"closed","sticky":false,"template":"","format":"standard","meta":[],"categories":[105],"tags":[],"_links":{"self":[{"href":"http:\/\/www.noticiasdelparana.com.ar\/NuevaEdicion\/wp-json\/wp\/v2\/posts\/363366"}],"collection":[{"href":"http:\/\/www.noticiasdelparana.com.ar\/NuevaEdicion\/wp-json\/wp\/v2\/posts"}],"about":[{"href":"http:\/\/www.noticiasdelparana.com.ar\/NuevaEdicion\/wp-json\/wp\/v2\/types\/post"}],"author":[{"embeddable":true,"href":"http:\/\/www.noticiasdelparana.com.ar\/NuevaEdicion\/wp-json\/wp\/v2\/users\/4"}],"replies":[{"embeddable":true,"href":"http:\/\/www.noticiasdelparana.com.ar\/NuevaEdicion\/wp-json\/wp\/v2\/comments?post=363366"}],"version-history":[{"count":1,"href":"http:\/\/www.noticiasdelparana.com.ar\/NuevaEdicion\/wp-json\/wp\/v2\/posts\/363366\/revisions"}],"predecessor-version":[{"id":363367,"href":"http:\/\/www.noticiasdelparana.com.ar\/NuevaEdicion\/wp-json\/wp\/v2\/posts\/363366\/revisions\/363367"}],"wp:featuredmedia":[{"embeddable":true,"href":"http:\/\/www.noticiasdelparana.com.ar\/NuevaEdicion\/wp-json\/wp\/v2\/media\/363361"}],"wp:attachment":[{"href":"http:\/\/www.noticiasdelparana.com.ar\/NuevaEdicion\/wp-json\/wp\/v2\/media?parent=363366"}],"wp:term":[{"taxonomy":"category","embeddable":true,"href":"http:\/\/www.noticiasdelparana.com.ar\/NuevaEdicion\/wp-json\/wp\/v2\/categories?post=363366"},{"taxonomy":"post_tag","embeddable":true,"href":"http:\/\/www.noticiasdelparana.com.ar\/NuevaEdicion\/wp-json\/wp\/v2\/tags?post=363366"}],"curies":[{"name":"wp","href":"https:\/\/api.w.org\/{rel}","templated":true}]}}