{"id":363368,"date":"2026-04-29T16:36:58","date_gmt":"2026-04-29T19:36:58","guid":{"rendered":"http:\/\/www.noticiasdelparana.com.ar\/NuevaEdicion\/?p=363368"},"modified":"2026-04-29T18:26:03","modified_gmt":"2026-04-29T21:26:03","slug":"resistencia-un-hombre-sufrio-una-fuerte-descarga-electrica-en-un-techo-de-avenida-castelli","status":"publish","type":"post","link":"http:\/\/www.noticiasdelparana.com.ar\/NuevaEdicion\/2026\/04\/29\/resistencia-un-hombre-sufrio-una-fuerte-descarga-electrica-en-un-techo-de-avenida-castelli\/","title":{"rendered":"RESISTENCIA: Un Hombre Sufri\u00f3 Una Fuerte Descarga El\u00e9ctrica En Un Techo De Avenida Castelli"},"content":{"rendered":"\n<p> La alerta inicial, recibida a trav\u00e9s de servicios de emergencia, indicaba un presunto incendio en un local comercial mayorista.<br>Al arribar al lugar, los efectivos constataron que no se trataba de un foco \u00edgneo, sino de un accidente laboral. Seg\u00fan testigos y el encargado de una obra en construcci\u00f3n lindante, un hombre que realizaba tareas sobre los techos tom\u00f3 contacto accidental con cables de alta tensi\u00f3n.<br>La descarga el\u00e9ctrica le provoc\u00f3 quemaduras de consideraci\u00f3n en gran parte del cuerpo. Ante la urgencia, una ambulancia se hizo presente en el sitio y traslad\u00f3 al lesionado de 28 a\u00f1os, hacia el hospital local para recibir atenci\u00f3n m\u00e9dica especializada.<br>En el operativo participaron dotaciones de Bomberos, cuadrillas de la empresa de energ\u00eda SECHEEP y personal de la comisar\u00eda jurisdiccional, quienes quedaron a cargo de las actuaciones correspondientes.<\/p>\n\n\n\n<p> <\/p>\n\n\n\n<p> <\/p>\n","protected":false},"excerpt":{"rendered":"<p>29-Abr-26  En la tarde de este mi\u00e9rcoles, cerca de las 15, personal de la Divisi\u00f3n Patrulla Preventiva intervino en un incidente ocurrido en un predio ubicado sobre la avenida Castelli al 3200.<\/p>\n","protected":false},"author":4,"featured_media":363375,"comment_status":"closed","ping_status":"closed","sticky":false,"template":"","format":"standard","meta":[],"categories":[103],"tags":[],"_links":{"self":[{"href":"http:\/\/www.noticiasdelparana.com.ar\/NuevaEdicion\/wp-json\/wp\/v2\/posts\/363368"}],"collection":[{"href":"http:\/\/www.noticiasdelparana.com.ar\/NuevaEdicion\/wp-json\/wp\/v2\/posts"}],"about":[{"href":"http:\/\/www.noticiasdelparana.com.ar\/NuevaEdicion\/wp-json\/wp\/v2\/types\/post"}],"author":[{"embeddable":true,"href":"http:\/\/www.noticiasdelparana.com.ar\/NuevaEdicion\/wp-json\/wp\/v2\/users\/4"}],"replies":[{"embeddable":true,"href":"http:\/\/www.noticiasdelparana.com.ar\/NuevaEdicion\/wp-json\/wp\/v2\/comments?post=363368"}],"version-history":[{"count":4,"href":"http:\/\/www.noticiasdelparana.com.ar\/NuevaEdicion\/wp-json\/wp\/v2\/posts\/363368\/revisions"}],"predecessor-version":[{"id":363380,"href":"http:\/\/www.noticiasdelparana.com.ar\/NuevaEdicion\/wp-json\/wp\/v2\/posts\/363368\/revisions\/363380"}],"wp:featuredmedia":[{"embeddable":true,"href":"http:\/\/www.noticiasdelparana.com.ar\/NuevaEdicion\/wp-json\/wp\/v2\/media\/363375"}],"wp:attachment":[{"href":"http:\/\/www.noticiasdelparana.com.ar\/NuevaEdicion\/wp-json\/wp\/v2\/media?parent=363368"}],"wp:term":[{"taxonomy":"category","embeddable":true,"href":"http:\/\/www.noticiasdelparana.com.ar\/NuevaEdicion\/wp-json\/wp\/v2\/categories?post=363368"},{"taxonomy":"post_tag","embeddable":true,"href":"http:\/\/www.noticiasdelparana.com.ar\/NuevaEdicion\/wp-json\/wp\/v2\/tags?post=363368"}],"curies":[{"name":"wp","href":"https:\/\/api.w.org\/{rel}","templated":true}]}}