{"id":363371,"date":"2026-04-29T16:41:52","date_gmt":"2026-04-29T19:41:52","guid":{"rendered":"http:\/\/www.noticiasdelparana.com.ar\/NuevaEdicion\/?p=363371"},"modified":"2026-04-29T16:41:54","modified_gmt":"2026-04-29T19:41:54","slug":"chaco-magda-ayala-cuestiono-que-el-presidente-del-insssep-no-se-haya-presentado-a-dar-explicaciones","status":"publish","type":"post","link":"http:\/\/www.noticiasdelparana.com.ar\/NuevaEdicion\/2026\/04\/29\/chaco-magda-ayala-cuestiono-que-el-presidente-del-insssep-no-se-haya-presentado-a-dar-explicaciones\/","title":{"rendered":"CHACO:  Magda Ayala Cuestion\u00f3 Que El Presidente Del INSSSEP No Se Haya Presentado A Dar Explicaciones"},"content":{"rendered":"\n<p>La diputada provincial Magda Ayala expres\u00f3 su preocupaci\u00f3n por la no realizaci\u00f3n de la interpelaci\u00f3n al presidente de INSSSEP, Rafael Meneses, una iniciativa promovida a partir de un proyecto presentado por la legisladora para exigir respuestas sobre la situaci\u00f3n del organismo.<\/p>\n\n\n\n<p>Durante su intervenci\u00f3n en el recinto, Ayala advirti\u00f3 sobre la gravedad institucional y social de impedir ese \u00e1mbito de respuestas.<\/p>\n\n\n\n<p>\u201cQue no se haya realizado esta interpelaci\u00f3n no es un desplante a nosotros como diputados es un desplante a las familias chaque\u00f1as\u201d, afirm\u00f3.<\/p>\n\n\n\n<p>La legisladora remarc\u00f3 que el planteo no respondi\u00f3 a una disputa partidaria sino a una preocupaci\u00f3n concreta por la atenci\u00f3n m\u00e9dica de los afiliados y el funcionamiento del sistema.<\/p>\n\n\n\n<p>\u201cEs importante tomar con seriedad lo que est\u00e1 ocurriendo porque se pierden vidas, no hay medicamentos, no hay tratamientos, no hay prestaciones\u201d, sostuvo, al advertir sobre las consecuencias que atraviesan los beneficiarios.<\/p>\n\n\n\n<p>Ayala subray\u00f3 adem\u00e1s que el proyecto impulsado por su bloque buscaba obtener informaci\u00f3n precisa y respuestas institucionales por parte del titular del organismo.<\/p>\n\n\n\n<p>\u201cQueremos saber y tener informaci\u00f3n v\u00e1lida de lo que est\u00e1 pasando, y esas son las preguntas que trajimos y de las cuales no obtuvimos respuestas\u201d, expres\u00f3.<\/p>\n\n\n\n<p>Finalmente, la diputada ratific\u00f3 que insistir\u00e1 con herramientas legislativas para que el presidente del INSSSEP brinde explicaciones y se avance en respuestas concretas para los afiliados.<\/p>\n","protected":false},"excerpt":{"rendered":"<p>29-Abr-26    \u201cLo que est\u00e1 pasando con la salud es preocupante y grave\u201d asegur\u00f3.<\/p>\n","protected":false},"author":3,"featured_media":363372,"comment_status":"closed","ping_status":"closed","sticky":false,"template":"","format":"standard","meta":[],"categories":[98],"tags":[],"_links":{"self":[{"href":"http:\/\/www.noticiasdelparana.com.ar\/NuevaEdicion\/wp-json\/wp\/v2\/posts\/363371"}],"collection":[{"href":"http:\/\/www.noticiasdelparana.com.ar\/NuevaEdicion\/wp-json\/wp\/v2\/posts"}],"about":[{"href":"http:\/\/www.noticiasdelparana.com.ar\/NuevaEdicion\/wp-json\/wp\/v2\/types\/post"}],"author":[{"embeddable":true,"href":"http:\/\/www.noticiasdelparana.com.ar\/NuevaEdicion\/wp-json\/wp\/v2\/users\/3"}],"replies":[{"embeddable":true,"href":"http:\/\/www.noticiasdelparana.com.ar\/NuevaEdicion\/wp-json\/wp\/v2\/comments?post=363371"}],"version-history":[{"count":1,"href":"http:\/\/www.noticiasdelparana.com.ar\/NuevaEdicion\/wp-json\/wp\/v2\/posts\/363371\/revisions"}],"predecessor-version":[{"id":363373,"href":"http:\/\/www.noticiasdelparana.com.ar\/NuevaEdicion\/wp-json\/wp\/v2\/posts\/363371\/revisions\/363373"}],"wp:featuredmedia":[{"embeddable":true,"href":"http:\/\/www.noticiasdelparana.com.ar\/NuevaEdicion\/wp-json\/wp\/v2\/media\/363372"}],"wp:attachment":[{"href":"http:\/\/www.noticiasdelparana.com.ar\/NuevaEdicion\/wp-json\/wp\/v2\/media?parent=363371"}],"wp:term":[{"taxonomy":"category","embeddable":true,"href":"http:\/\/www.noticiasdelparana.com.ar\/NuevaEdicion\/wp-json\/wp\/v2\/categories?post=363371"},{"taxonomy":"post_tag","embeddable":true,"href":"http:\/\/www.noticiasdelparana.com.ar\/NuevaEdicion\/wp-json\/wp\/v2\/tags?post=363371"}],"curies":[{"name":"wp","href":"https:\/\/api.w.org\/{rel}","templated":true}]}}