{"id":363377,"date":"2026-04-29T16:55:33","date_gmt":"2026-04-29T19:55:33","guid":{"rendered":"http:\/\/www.noticiasdelparana.com.ar\/NuevaEdicion\/?p=363377"},"modified":"2026-04-29T16:55:35","modified_gmt":"2026-04-29T19:55:35","slug":"chaco-cerca-de-100-los-despidos-en-una-cadena-de-ventas-de-productos-de-electrodomesticos-y-hogar","status":"publish","type":"post","link":"http:\/\/www.noticiasdelparana.com.ar\/NuevaEdicion\/2026\/04\/29\/chaco-cerca-de-100-los-despidos-en-una-cadena-de-ventas-de-productos-de-electrodomesticos-y-hogar\/","title":{"rendered":"CHACO:  Cerca De 100 Los Despidos En Una Cadena De Ventas De Productos De Electrodomesticos Y Hogar"},"content":{"rendered":"\n<p>Carsa &#8211; Musimundo vuelve a quedar en el centro de la pol\u00e9mica: denuncian despidos masivos en medio de un cambio empresarial que deja a decenas de trabajadores sin empleo. S\u00ed, en el gobierno de Javier Milei y de Leandro Zdero hay despidos y en v\u00edsperas del D\u00eda del Trabajador y empleados de comercio que cobran sus salarios -que no llegan al mill\u00f3n de pesos- en tres cuotas.<\/p>\n\n\n\n<p>A horas del 1\u00b0 de mayo, una noticia sacude al sector comercial: la firma Carsa &#8211; Musimundo habr\u00eda comunicado el despido de un n\u00famero importante de empleados, en su mayor\u00eda vinculados a la administraci\u00f3n central, en el marco de una reestructuraci\u00f3n tras la venta de la empresa y el desembarco de la marca On City de Santa Fe.<\/p>\n\n\n\n<p>Seg\u00fan pudo reconstruir Chaco Ahora a partir de fuentes directas, los trabajadores fueron convocados y notificados de manera conjunta de los despidos este mi\u00e9rcoles por la ma\u00f1ana. Aunque no hay cifra oficial confirmada, se habla de alrededor de 100 personas afectadas. Muchos de ellos a\u00fan no recibieron telegramas formales, lo que suma incertidumbre a la situaci\u00f3n.<\/p>\n\n\n\n<p>&nbsp;&nbsp;El antecedente no es menor: en agosto de 2018, durante el gobierno de Mauricio Macri, la misma empresa ya hab\u00eda protagonizado un recorte que dej\u00f3 a unos 50 trabajadores en la calle. Hoy, bajo la gesti\u00f3n de Javier Milei, el escenario vuelve a repetirse, en un contexto econ\u00f3mico marcado por ajustes y ca\u00edda del consumo.<\/p>\n\n\n\n<p>&nbsp;&nbsp;La operaci\u00f3n empresarial incluye la venta de Carsa S.A. a un grupo con base en Santa Fe, vinculado a la marca On City, que absorber\u00eda las sucursales y mantendr\u00eda a los vendedores. Sin embargo, toda la estructura administrativa quedar\u00eda fuera.<\/p>\n\n\n\n<p>&nbsp;&nbsp;\u201cNos dijeron que van a pagar todo como corresponde (con la vieja Ley Laboral), pero en cuotas. Nadie sabe cu\u00e1ndo ni c\u00f3mo\u201d, relataron trabajadores afectados. Algunos sectores continuar\u00edan solo por unas semanas m\u00e1s para cerrar gestiones pendientes.<\/p>\n\n\n\n<p>El trasfondo tambi\u00e9n incluye la ruptura entre los socios hist\u00f3ricos de la marca Musimundo, lo que deriv\u00f3 en la imposibilidad de seguir utilizando el nombre comercial y aceler\u00f3 la decisi\u00f3n de venta.<\/p>\n\n\n\n<p>De esta manera la empresa de Santa Fe desembarca en Chaco pero &#8220;no con todos&#8221;, quedar\u00e1n en la nueva firma los trabajadores de las sucursales, los que esperan una mejor estabilidad laboral y condiciones de trabajo ya que este mes cobraron en tres cuotas su salario de marzo y sin incrementos reales (congelado). Esta situaci\u00f3n la vienen atravesando desde hace poco m\u00e1s de un a\u00f1o m\u00e1s o menos cuando Musimundo comenz\u00f3 a pagar sueldos en dos cuotas.&nbsp;<\/p>\n\n\n\n<p>&nbsp;&nbsp;El dato pol\u00edtico no pasa desapercibido: despidos masivos en la antesala del D\u00eda del Trabajador, con antecedentes en distintos gobiernos, reavivan el debate sobre el modelo laboral, las condiciones del mercado y el rol del Estado.&nbsp;<\/p>\n\n\n\n<p>Fuente: Chaco Ahora&nbsp;&nbsp;<\/p>\n","protected":false},"excerpt":{"rendered":"<p>29-Abr-26  Ya hab\u00eda pasado en 2018 (m\u00e1s de 50 despidos con Mauricio Macri). Hoy, la historia se repite (serian cerca de 100 con Javier Milei). Los trabajadores de las sucursales cobraron abril en tres cuotas.<\/p>\n","protected":false},"author":3,"featured_media":363378,"comment_status":"closed","ping_status":"closed","sticky":false,"template":"","format":"standard","meta":[],"categories":[98],"tags":[],"_links":{"self":[{"href":"http:\/\/www.noticiasdelparana.com.ar\/NuevaEdicion\/wp-json\/wp\/v2\/posts\/363377"}],"collection":[{"href":"http:\/\/www.noticiasdelparana.com.ar\/NuevaEdicion\/wp-json\/wp\/v2\/posts"}],"about":[{"href":"http:\/\/www.noticiasdelparana.com.ar\/NuevaEdicion\/wp-json\/wp\/v2\/types\/post"}],"author":[{"embeddable":true,"href":"http:\/\/www.noticiasdelparana.com.ar\/NuevaEdicion\/wp-json\/wp\/v2\/users\/3"}],"replies":[{"embeddable":true,"href":"http:\/\/www.noticiasdelparana.com.ar\/NuevaEdicion\/wp-json\/wp\/v2\/comments?post=363377"}],"version-history":[{"count":1,"href":"http:\/\/www.noticiasdelparana.com.ar\/NuevaEdicion\/wp-json\/wp\/v2\/posts\/363377\/revisions"}],"predecessor-version":[{"id":363379,"href":"http:\/\/www.noticiasdelparana.com.ar\/NuevaEdicion\/wp-json\/wp\/v2\/posts\/363377\/revisions\/363379"}],"wp:featuredmedia":[{"embeddable":true,"href":"http:\/\/www.noticiasdelparana.com.ar\/NuevaEdicion\/wp-json\/wp\/v2\/media\/363378"}],"wp:attachment":[{"href":"http:\/\/www.noticiasdelparana.com.ar\/NuevaEdicion\/wp-json\/wp\/v2\/media?parent=363377"}],"wp:term":[{"taxonomy":"category","embeddable":true,"href":"http:\/\/www.noticiasdelparana.com.ar\/NuevaEdicion\/wp-json\/wp\/v2\/categories?post=363377"},{"taxonomy":"post_tag","embeddable":true,"href":"http:\/\/www.noticiasdelparana.com.ar\/NuevaEdicion\/wp-json\/wp\/v2\/tags?post=363377"}],"curies":[{"name":"wp","href":"https:\/\/api.w.org\/{rel}","templated":true}]}}