{"id":363381,"date":"2026-04-29T19:38:00","date_gmt":"2026-04-29T22:38:00","guid":{"rendered":"http:\/\/www.noticiasdelparana.com.ar\/NuevaEdicion\/?p=363381"},"modified":"2026-04-29T19:38:04","modified_gmt":"2026-04-29T22:38:04","slug":"las-brenas-multiples-allanamientos-tras-el-robo-en-una-vivienda","status":"publish","type":"post","link":"http:\/\/www.noticiasdelparana.com.ar\/NuevaEdicion\/2026\/04\/29\/las-brenas-multiples-allanamientos-tras-el-robo-en-una-vivienda\/","title":{"rendered":"LAS BRE\u00d1AS: M\u00faltiples Allanamientos Tras El Robo En Una Vivienda"},"content":{"rendered":"\n<p>Hoy, pasadas las 17, personal de la Comisar\u00eda de las Bre\u00f1as intervino en el marco de una investigaci\u00f3n por un robo ocurrido hace dos d\u00edas atr\u00e1s en una vivienda del barrio Bicentenario de Las Bre\u00f1as. Realizaron varios allanamientos que permitieron recuperar parte de los elementos denunciados como sustra\u00eddos y detener a una mujer implicada.<\/p>\n\n\n\n<p>La denuncia se\u00f1alaba que el propietario de 29 a\u00f1os se retir\u00f3 del domicilio el domingo 26, alrededor de las 7 y regres\u00f3 al otro d\u00eda pasadas las 18. Al llegar not\u00f3 que personas desconocidas ingresaron al domicilio tras violentar una ventana trasera y se llevaron electrodom\u00e9sticos, herramientas, prendas de vestir y otros objetos de valor.<\/p>\n\n\n\n<p>A partir de tareas investigativas, se concretaron tres allanamientos simult\u00e1neos en los que secuestraron un secador de cabello, una silla pl\u00e1stica y un botiqu\u00edn de ba\u00f1o, elementos vinculados con la causa. Adem\u00e1s, una mujer fue conducida y notificada de su aprehensi\u00f3n en una causa por \u201cSupuesto Encubrimiento\u201d.<\/p>\n\n\n\n<p>Finalmente, por disposici\u00f3n de la Fiscal\u00eda interviniente, los bienes recuperados ser\u00e1n restituidos a su propietario, mientras contin\u00faa la b\u00fasqueda de los presuntos autores del robo.<\/p>\n","protected":false},"excerpt":{"rendered":"<p>29-Abr-26 Recuperaron bienes sustra\u00eddos y detuvieron a una mujer por encubrimiento.<\/p>\n","protected":false},"author":3,"featured_media":363382,"comment_status":"closed","ping_status":"closed","sticky":false,"template":"","format":"standard","meta":[],"categories":[103],"tags":[],"_links":{"self":[{"href":"http:\/\/www.noticiasdelparana.com.ar\/NuevaEdicion\/wp-json\/wp\/v2\/posts\/363381"}],"collection":[{"href":"http:\/\/www.noticiasdelparana.com.ar\/NuevaEdicion\/wp-json\/wp\/v2\/posts"}],"about":[{"href":"http:\/\/www.noticiasdelparana.com.ar\/NuevaEdicion\/wp-json\/wp\/v2\/types\/post"}],"author":[{"embeddable":true,"href":"http:\/\/www.noticiasdelparana.com.ar\/NuevaEdicion\/wp-json\/wp\/v2\/users\/3"}],"replies":[{"embeddable":true,"href":"http:\/\/www.noticiasdelparana.com.ar\/NuevaEdicion\/wp-json\/wp\/v2\/comments?post=363381"}],"version-history":[{"count":1,"href":"http:\/\/www.noticiasdelparana.com.ar\/NuevaEdicion\/wp-json\/wp\/v2\/posts\/363381\/revisions"}],"predecessor-version":[{"id":363383,"href":"http:\/\/www.noticiasdelparana.com.ar\/NuevaEdicion\/wp-json\/wp\/v2\/posts\/363381\/revisions\/363383"}],"wp:featuredmedia":[{"embeddable":true,"href":"http:\/\/www.noticiasdelparana.com.ar\/NuevaEdicion\/wp-json\/wp\/v2\/media\/363382"}],"wp:attachment":[{"href":"http:\/\/www.noticiasdelparana.com.ar\/NuevaEdicion\/wp-json\/wp\/v2\/media?parent=363381"}],"wp:term":[{"taxonomy":"category","embeddable":true,"href":"http:\/\/www.noticiasdelparana.com.ar\/NuevaEdicion\/wp-json\/wp\/v2\/categories?post=363381"},{"taxonomy":"post_tag","embeddable":true,"href":"http:\/\/www.noticiasdelparana.com.ar\/NuevaEdicion\/wp-json\/wp\/v2\/tags?post=363381"}],"curies":[{"name":"wp","href":"https:\/\/api.w.org\/{rel}","templated":true}]}}