{"id":363387,"date":"2026-04-29T19:41:02","date_gmt":"2026-04-29T22:41:02","guid":{"rendered":"http:\/\/www.noticiasdelparana.com.ar\/NuevaEdicion\/?p=363387"},"modified":"2026-04-29T19:41:05","modified_gmt":"2026-04-29T22:41:05","slug":"chaco-nbch-lanzo-su-nuevo-programa-de-educacion-financiera-y-anuncio-charlas-para-escuelas-del-interior","status":"publish","type":"post","link":"http:\/\/www.noticiasdelparana.com.ar\/NuevaEdicion\/2026\/04\/29\/chaco-nbch-lanzo-su-nuevo-programa-de-educacion-financiera-y-anuncio-charlas-para-escuelas-del-interior\/","title":{"rendered":"CHACO: NBCH Lanz\u00f3 Su Nuevo Programa De Educaci\u00f3n Financiera Y Anunci\u00f3 Charlas Para Escuelas Del Interior"},"content":{"rendered":"\n<p>\u201cEste lanzamiento refleja el compromiso profundo que tenemos como instituci\u00f3n con nuestra comunidad: ya est\u00e1 disponible el nuevo sitio de Educaci\u00f3n Financiera en nuestra p\u00e1gina web\u201d, destacaron desde el Directorio.<\/p>\n\n\n\n<p>El espacio surge a partir de una convicci\u00f3n clara: el conocimiento financiero transforma vidas. No solo impacta en los clientes del banco, sino tambi\u00e9n en familias, j\u00f3venes y en toda persona que accede a herramientas para organizar su econom\u00eda personal. En ese sentido, desde la entidad remarcaron que se trata de una prioridad estrat\u00e9gica que continuar\u00e1 desarroll\u00e1ndose en el tiempo.<\/p>\n\n\n\n<p>El contenido puede consultarse ingresando a: https:\/\/www.nbch.com.ar\/educacion-financiera<\/p>\n\n\n\n<p>All\u00ed, los usuarios encontrar\u00e1n materiales accesibles y pr\u00e1cticos sobre ahorro, elaboraci\u00f3n de presupuestos, uso responsable del cr\u00e9dito, planificaci\u00f3n financiera y otros aspectos clave para la econom\u00eda cotidiana.<\/p>\n\n\n\n<p>Adem\u00e1s, se anunci\u00f3 que este jueves comenzar\u00e1 un ciclo de charlas de educaci\u00f3n financiera destinado a escuelas del interior provincial. La propuesta se desarrollar\u00e1 en el auditorio del banco y se llevar\u00e1 adelante de manera conjunta con la Subsecretar\u00eda de Juventud de la provincia, con el objetivo de fortalecer la formaci\u00f3n de los j\u00f3venes en temas econ\u00f3micos desde edades tempranas.<\/p>\n","protected":false},"excerpt":{"rendered":"<p>29-Abr-26 El presidente del Nuevo Banco del Chaco (NBCH) inform\u00f3 que ya se encuentra habilitado en la web institucional el nuevo espacio de Educaci\u00f3n Financiera, una iniciativa que busca acercar herramientas concretas a la comunidad para mejorar la toma de decisiones econ\u00f3micas.<\/p>\n","protected":false},"author":3,"featured_media":363388,"comment_status":"closed","ping_status":"closed","sticky":false,"template":"","format":"standard","meta":[],"categories":[98],"tags":[],"_links":{"self":[{"href":"http:\/\/www.noticiasdelparana.com.ar\/NuevaEdicion\/wp-json\/wp\/v2\/posts\/363387"}],"collection":[{"href":"http:\/\/www.noticiasdelparana.com.ar\/NuevaEdicion\/wp-json\/wp\/v2\/posts"}],"about":[{"href":"http:\/\/www.noticiasdelparana.com.ar\/NuevaEdicion\/wp-json\/wp\/v2\/types\/post"}],"author":[{"embeddable":true,"href":"http:\/\/www.noticiasdelparana.com.ar\/NuevaEdicion\/wp-json\/wp\/v2\/users\/3"}],"replies":[{"embeddable":true,"href":"http:\/\/www.noticiasdelparana.com.ar\/NuevaEdicion\/wp-json\/wp\/v2\/comments?post=363387"}],"version-history":[{"count":1,"href":"http:\/\/www.noticiasdelparana.com.ar\/NuevaEdicion\/wp-json\/wp\/v2\/posts\/363387\/revisions"}],"predecessor-version":[{"id":363389,"href":"http:\/\/www.noticiasdelparana.com.ar\/NuevaEdicion\/wp-json\/wp\/v2\/posts\/363387\/revisions\/363389"}],"wp:featuredmedia":[{"embeddable":true,"href":"http:\/\/www.noticiasdelparana.com.ar\/NuevaEdicion\/wp-json\/wp\/v2\/media\/363388"}],"wp:attachment":[{"href":"http:\/\/www.noticiasdelparana.com.ar\/NuevaEdicion\/wp-json\/wp\/v2\/media?parent=363387"}],"wp:term":[{"taxonomy":"category","embeddable":true,"href":"http:\/\/www.noticiasdelparana.com.ar\/NuevaEdicion\/wp-json\/wp\/v2\/categories?post=363387"},{"taxonomy":"post_tag","embeddable":true,"href":"http:\/\/www.noticiasdelparana.com.ar\/NuevaEdicion\/wp-json\/wp\/v2\/tags?post=363387"}],"curies":[{"name":"wp","href":"https:\/\/api.w.org\/{rel}","templated":true}]}}