{"id":363393,"date":"2026-04-29T19:56:05","date_gmt":"2026-04-29T22:56:05","guid":{"rendered":"http:\/\/www.noticiasdelparana.com.ar\/NuevaEdicion\/?p=363393"},"modified":"2026-04-29T19:56:08","modified_gmt":"2026-04-29T22:56:08","slug":"pampa-del-indio-el-gobierno-garantiza-la-libre-circulacion-y-ratifica-que-no-negociara-bajo-extorsion","status":"publish","type":"post","link":"http:\/\/www.noticiasdelparana.com.ar\/NuevaEdicion\/2026\/04\/29\/pampa-del-indio-el-gobierno-garantiza-la-libre-circulacion-y-ratifica-que-no-negociara-bajo-extorsion\/","title":{"rendered":"PAMPA DEL INDIO: El Gobierno Garantiza La Libre Circulaci\u00f3n Y Ratifica Que No Negociar\u00e1 Bajo Extorsi\u00f3n"},"content":{"rendered":"\n<p>Desde las primeras horas de la jornada, grupos de personas intentaron interrumpir el tr\u00e1nsito en la intersecci\u00f3n de las rutas 3 y 4. Frente a esta situaci\u00f3n, las fuerzas de seguridad actuaron bajo la premisa de flagrancia, evitando en reiteradas oportunidades el avance de manifestantes que evidenciaban conductas violentas.<\/p>\n\n\n\n<p>Como resultado de las intervenciones, se procedi\u00f3 al secuestro de diversos elementos peligrosos, entre ellos armas blancas, hachas, palos, gomeras, cadenas y pi\u00f1ones de motocicletas que eran utilizados como proyectiles, priorizando en todo momento la preservaci\u00f3n del orden y la seguridad de la comunidad.<\/p>\n\n\n\n<p>Desde el Ejecutivo provincial se remarc\u00f3 que el inter\u00e9s general prevalece por sobre los reclamos particulares. En ese sentido, se ratific\u00f3 que el Estado contin\u00faa brindando asistencia a los sectores m\u00e1s vulnerables, pero mantiene una postura firme ante este tipo de situaciones.<\/p>\n\n\n\n<p>\u201cBajo presi\u00f3n y extorsi\u00f3n no vamos a negociar\u201d, se\u00f1alaron fuentes oficiales, al tiempo que destacaron que la gesti\u00f3n provincial sostiene el di\u00e1logo con quienes respetan la normativa vigente.<\/p>\n\n\n\n<p>Asimismo, se advirti\u00f3 que se aplicar\u00e1 todo el peso de la ley a quienes intenten vulnerar derechos de terceros mediante hechos de violencia, reafirmando el compromiso del Gobierno con la paz social y el cumplimiento de la ley.<\/p>\n","protected":false},"excerpt":{"rendered":"<p>29-Abr-26 El Gobierno de la Provincia del Chaco, a trav\u00e9s del Ministerio de Seguridad y la Polic\u00eda provincial, llev\u00f3 adelante este mi\u00e9rcoles un operativo en la localidad de Pampa del Indio para garantizar el orden p\u00fablico y la libre circulaci\u00f3n, ante intentos de bloqueo en rutas provinciales.<\/p>\n","protected":false},"author":3,"featured_media":363396,"comment_status":"closed","ping_status":"closed","sticky":false,"template":"","format":"standard","meta":[],"categories":[98],"tags":[],"_links":{"self":[{"href":"http:\/\/www.noticiasdelparana.com.ar\/NuevaEdicion\/wp-json\/wp\/v2\/posts\/363393"}],"collection":[{"href":"http:\/\/www.noticiasdelparana.com.ar\/NuevaEdicion\/wp-json\/wp\/v2\/posts"}],"about":[{"href":"http:\/\/www.noticiasdelparana.com.ar\/NuevaEdicion\/wp-json\/wp\/v2\/types\/post"}],"author":[{"embeddable":true,"href":"http:\/\/www.noticiasdelparana.com.ar\/NuevaEdicion\/wp-json\/wp\/v2\/users\/3"}],"replies":[{"embeddable":true,"href":"http:\/\/www.noticiasdelparana.com.ar\/NuevaEdicion\/wp-json\/wp\/v2\/comments?post=363393"}],"version-history":[{"count":1,"href":"http:\/\/www.noticiasdelparana.com.ar\/NuevaEdicion\/wp-json\/wp\/v2\/posts\/363393\/revisions"}],"predecessor-version":[{"id":363397,"href":"http:\/\/www.noticiasdelparana.com.ar\/NuevaEdicion\/wp-json\/wp\/v2\/posts\/363393\/revisions\/363397"}],"wp:featuredmedia":[{"embeddable":true,"href":"http:\/\/www.noticiasdelparana.com.ar\/NuevaEdicion\/wp-json\/wp\/v2\/media\/363396"}],"wp:attachment":[{"href":"http:\/\/www.noticiasdelparana.com.ar\/NuevaEdicion\/wp-json\/wp\/v2\/media?parent=363393"}],"wp:term":[{"taxonomy":"category","embeddable":true,"href":"http:\/\/www.noticiasdelparana.com.ar\/NuevaEdicion\/wp-json\/wp\/v2\/categories?post=363393"},{"taxonomy":"post_tag","embeddable":true,"href":"http:\/\/www.noticiasdelparana.com.ar\/NuevaEdicion\/wp-json\/wp\/v2\/tags?post=363393"}],"curies":[{"name":"wp","href":"https:\/\/api.w.org\/{rel}","templated":true}]}}