{"id":363412,"date":"2026-04-29T20:28:23","date_gmt":"2026-04-29T23:28:23","guid":{"rendered":"http:\/\/www.noticiasdelparana.com.ar\/NuevaEdicion\/?p=363412"},"modified":"2026-04-29T20:28:26","modified_gmt":"2026-04-29T23:28:26","slug":"musica-martin-sanchez-publica-su-album-corazones-salvajes-y-arranca-su-gira-en-bilbao","status":"publish","type":"post","link":"http:\/\/www.noticiasdelparana.com.ar\/NuevaEdicion\/2026\/04\/29\/musica-martin-sanchez-publica-su-album-corazones-salvajes-y-arranca-su-gira-en-bilbao\/","title":{"rendered":"M\u00daSICA: M\u00e1rtin S\u00e1nchez Publica Su \u00c1lbum \u00abcorazones Salvajes\u00bb Y Arranca Su Gira En Bilbao"},"content":{"rendered":"\n<p>Con el nuevo \u00e1lbum reci\u00e9n salido del horno, M\u00e1rtin S\u00e1nchez calienta motores para un tour de presentaci\u00f3n que tendr\u00e1 su bautismo de fuego el pr\u00f3ximo 9 de mayo en Bilbao. Se abre as\u00ed un nuevo cap\u00edtulo para el artista madrile\u00f1o, que golpea con una entrega de rock puro y honestidad brutal, iniciando una cuenta atr\u00e1s que recorrer\u00e1 las salas m\u00e1s importantes del pa\u00eds durante este 2026.<\/p>\n\n\n\n<p>M\u00e1rtin S\u00e1nchez golpea de nuevo con \u00abCorazones Salvajes\u00bb, una entrega de rock puro que destila la honestidad de quien no tiene nada que demostrar. El artista madrile\u00f1o acaba de poner en circulaci\u00f3n su tercer \u00e1lbum de estudio en solitario, una obra de madurez que sucede a los precedentes \u00abPersonal Suite\u00bb (2017) y \u00abRadio Norte\u00bb (2021). Con m\u00e1s de treinta a\u00f1os de carrera profesional a sus espaldas, el m\u00fasico no solo firma las letras y las composiciones, sino que ejerce como voz, autor y productor de un trabajo que condensa diez cortes cocinados con la paciencia de quien domina los c\u00f3digos del g\u00e9nero. Grabado en los estudios Blue Sky de Madrid entre septiembre de 2023 y noviembre de 2025, el disco cuenta con la coproducci\u00f3n de Nacho Ruiz, logrando un sonido que transita con naturalidad desde el rock and roll cl\u00e1sico y el hard rock hasta el country y western, sin olvidar el nervio del punk rock americano o los matices del funky disco de los setenta.<\/p>\n\n\n\n<p>Este nuevo lanzamiento es, ante todo, un ejercicio de coherencia y descaro l\u00edrico. Tras el impacto del primer sencillo, \u00abElige ser lobo\u00bb, el \u00e1lbum se despliega como un mapa de cr\u00f3nicas urbanas y cr\u00edtica social, donde tambi\u00e9n conviven baladas rom\u00e1nticas escritas desde la inmediatez de las entra\u00f1as. La publicaci\u00f3n de \u00abCorazones Salvajes\u00bb marca el punto de partida para una gira de presentaci\u00f3n que comenzar\u00e1 de manera inminente y que recorrer\u00e1 las principales salas del pa\u00eds durante este 2026. M\u00e1rtin S\u00e1nchez se prepara para trasladar al directo este repertorio ajeno a las modas, dise\u00f1ado para un p\u00fablico que busca autenticidad y piezas de calidad que huyen del artificio.<\/p>\n\n\n\n<p>El periplo por los escenarios arrancar\u00e1 el pr\u00f3ximo 9 de mayo en la sala Blue de Santana 27 en Bilbao, para continuar el 13 de junio en la sala Uni de Madrid. El verano mantendr\u00e1 encendida la llama el 18 de julio en la sala Saman\u00e1 de A Estrada, retomando el pulso en el oto\u00f1o con una cita el 31 de octubre en la sala Razzmatazz de Barcelona. El broche final a esta serie de directos se pondr\u00e1 el 12 de diciembre en la sala Elcamm de M\u00e1laga. Las entradas para todas las fechas ya se encuentran disponibles a trav\u00e9s de la plataforma Entradium. Se trata de una oportunidad excepcional para conectar con la trayectoria de un m\u00fasico s\u00f3lido que, con este nuevo trabajo, reafirma un compromiso innegociable con el rock escrito con may\u00fasculas.<\/p>\n","protected":false},"excerpt":{"rendered":"<p>29-Abr-26 El rugido de \u00abCorazones Salvajes\u00bb ya es una realidad en las calles y su eco no tardar\u00e1 en saltar a los escenarios. <\/p>\n","protected":false},"author":3,"featured_media":363405,"comment_status":"closed","ping_status":"closed","sticky":false,"template":"","format":"standard","meta":[],"categories":[105],"tags":[],"_links":{"self":[{"href":"http:\/\/www.noticiasdelparana.com.ar\/NuevaEdicion\/wp-json\/wp\/v2\/posts\/363412"}],"collection":[{"href":"http:\/\/www.noticiasdelparana.com.ar\/NuevaEdicion\/wp-json\/wp\/v2\/posts"}],"about":[{"href":"http:\/\/www.noticiasdelparana.com.ar\/NuevaEdicion\/wp-json\/wp\/v2\/types\/post"}],"author":[{"embeddable":true,"href":"http:\/\/www.noticiasdelparana.com.ar\/NuevaEdicion\/wp-json\/wp\/v2\/users\/3"}],"replies":[{"embeddable":true,"href":"http:\/\/www.noticiasdelparana.com.ar\/NuevaEdicion\/wp-json\/wp\/v2\/comments?post=363412"}],"version-history":[{"count":1,"href":"http:\/\/www.noticiasdelparana.com.ar\/NuevaEdicion\/wp-json\/wp\/v2\/posts\/363412\/revisions"}],"predecessor-version":[{"id":363413,"href":"http:\/\/www.noticiasdelparana.com.ar\/NuevaEdicion\/wp-json\/wp\/v2\/posts\/363412\/revisions\/363413"}],"wp:featuredmedia":[{"embeddable":true,"href":"http:\/\/www.noticiasdelparana.com.ar\/NuevaEdicion\/wp-json\/wp\/v2\/media\/363405"}],"wp:attachment":[{"href":"http:\/\/www.noticiasdelparana.com.ar\/NuevaEdicion\/wp-json\/wp\/v2\/media?parent=363412"}],"wp:term":[{"taxonomy":"category","embeddable":true,"href":"http:\/\/www.noticiasdelparana.com.ar\/NuevaEdicion\/wp-json\/wp\/v2\/categories?post=363412"},{"taxonomy":"post_tag","embeddable":true,"href":"http:\/\/www.noticiasdelparana.com.ar\/NuevaEdicion\/wp-json\/wp\/v2\/tags?post=363412"}],"curies":[{"name":"wp","href":"https:\/\/api.w.org\/{rel}","templated":true}]}}