{"id":363414,"date":"2026-04-29T20:29:15","date_gmt":"2026-04-29T23:29:15","guid":{"rendered":"http:\/\/www.noticiasdelparana.com.ar\/NuevaEdicion\/?p=363414"},"modified":"2026-04-29T20:29:19","modified_gmt":"2026-04-29T23:29:19","slug":"musica-kay-sonder-presenta-su-sencillo-debut-me-canse-de-esperar","status":"publish","type":"post","link":"http:\/\/www.noticiasdelparana.com.ar\/NuevaEdicion\/2026\/04\/29\/musica-kay-sonder-presenta-su-sencillo-debut-me-canse-de-esperar\/","title":{"rendered":"M\u00daSICA: Kay Sonder Presenta Su Sencillo Debut \u201cMe Cans\u00e9 De Esperar\u201d"},"content":{"rendered":"\n<p>Grabado en Rep\u00fablica Dominicana, este sencillo nace de un proceso profundamente personal, en el que la artista logr\u00f3 reconectar con su esencia y definir el rumbo de su identidad musical.<\/p>\n\n\n\n<p>La producci\u00f3n estuvo a cargo de Master Chris y Lowis, dos nombres clave que aportan una sonoridad contempor\u00e1nea y global al proyecto. En la composici\u00f3n participan Lowis, Master Chris y la propia Kay Sonder, consolidando as\u00ed una narrativa aut\u00e9ntica y coherente con su historia.<\/p>\n\n\n\n<p>El videoclip oficial, tambi\u00e9n realizado en Rep\u00fablica Dominicana, fue dirigido por Carlos Spinelly y producido por Movie Warrior\u2019s. A trav\u00e9s de distintas locaciones cuidadosamente seleccionadas, la pieza audiovisual construye una est\u00e9tica que transmite fuerza, sensualidad y evoluci\u00f3n.<\/p>\n\n\n\n<p>La historia retrata un proceso de transformaci\u00f3n personal: el momento en que una mujer deja atr\u00e1s la espera, las dudas y todo aquello que la limitaba, para elegirse a s\u00ed misma y avanzar con determinaci\u00f3n.<\/p>\n\n\n\n<p>\u201cMe cans\u00e9 de esperar no es solo una canci\u00f3n, es una decisi\u00f3n. Representa el instante en que entiendes que tu vida no puede depender de que algo externo cambie. Es libertad, amor propio y movimiento. Es el comienzo de una nueva versi\u00f3n de m\u00ed\u201d, afirma Kay Sonder.<\/p>\n\n\n\n<p>Nacida en Cuba y formada art\u00edsticamente en Roma, Italia, Kay Sonder representa una fusi\u00f3n \u00fanica entre la intensidad caribe\u00f1a y la sofisticaci\u00f3n europea. Su carrera es el resultado de un recorrido marcado por la resiliencia, la disciplina y una conexi\u00f3n profunda con la m\u00fasica desde la infancia. Criada en un entorno donde el arte era parte esencial de la vida, comenz\u00f3 a destacar desde los 7 a\u00f1os en festivales infantiles. Sin formaci\u00f3n acad\u00e9mica formal, su aprendizaje se construy\u00f3 desde la intuici\u00f3n, la experiencia y una determinaci\u00f3n inquebrantable.<\/p>\n\n\n\n<p>A los 19 a\u00f1os, la p\u00e9rdida de sus padres marc\u00f3 un punto de quiebre que la oblig\u00f3 a pausar sus sue\u00f1os para sobrevivir, sin embargo, nunca abandon\u00f3 su prop\u00f3sito. Hoy, tras radicarse en Rep\u00fablica Dominicana \u2014epicentro del g\u00e9nero urbano actual\u2014, Kay Sonder consolida una propuesta internacional que fusiona lo emocional con lo urbano contempor\u00e1neo.<\/p>\n\n\n\n<p>Su m\u00fasica no busca idealizar el amor, sino mostrarlo desde la verdad: decisiones dif\u00edciles, procesos internos y momentos de claridad que transforman. Con \u201cMe cans\u00e9 de esperar\u201d, Kay Sonder no solo presenta su primer sencillo, sino una declaraci\u00f3n art\u00edstica clara: dejar de esperar tambi\u00e9n es un acto de amor propio.<\/p>\n\n\n\n<p>SOBRE KAY SONDER<\/p>\n\n\n\n<p>Kay Sonder es una artista emergente con proyecci\u00f3n internacional que construye su identidad a partir del contraste entre sus ra\u00edces cubanas y su formaci\u00f3n europea. Su propuesta musical conecta lo emocional con los sonidos urbanos contempor\u00e1neos, apostando por una narrativa real, \u00edntima y transformadora.<\/p>\n","protected":false},"excerpt":{"rendered":"<p>29-Abr-26 La artista emergente Kay Sonder irrumpe en la escena musical con el lanzamiento de su sencillo debut \u201cMe cans\u00e9 de esperar\u201d, una propuesta honesta, poderosa y emocional que marca el inicio de una nueva etapa en su carrera art\u00edstica.<\/p>\n","protected":false},"author":3,"featured_media":363406,"comment_status":"closed","ping_status":"closed","sticky":false,"template":"","format":"standard","meta":[],"categories":[105],"tags":[],"_links":{"self":[{"href":"http:\/\/www.noticiasdelparana.com.ar\/NuevaEdicion\/wp-json\/wp\/v2\/posts\/363414"}],"collection":[{"href":"http:\/\/www.noticiasdelparana.com.ar\/NuevaEdicion\/wp-json\/wp\/v2\/posts"}],"about":[{"href":"http:\/\/www.noticiasdelparana.com.ar\/NuevaEdicion\/wp-json\/wp\/v2\/types\/post"}],"author":[{"embeddable":true,"href":"http:\/\/www.noticiasdelparana.com.ar\/NuevaEdicion\/wp-json\/wp\/v2\/users\/3"}],"replies":[{"embeddable":true,"href":"http:\/\/www.noticiasdelparana.com.ar\/NuevaEdicion\/wp-json\/wp\/v2\/comments?post=363414"}],"version-history":[{"count":1,"href":"http:\/\/www.noticiasdelparana.com.ar\/NuevaEdicion\/wp-json\/wp\/v2\/posts\/363414\/revisions"}],"predecessor-version":[{"id":363415,"href":"http:\/\/www.noticiasdelparana.com.ar\/NuevaEdicion\/wp-json\/wp\/v2\/posts\/363414\/revisions\/363415"}],"wp:featuredmedia":[{"embeddable":true,"href":"http:\/\/www.noticiasdelparana.com.ar\/NuevaEdicion\/wp-json\/wp\/v2\/media\/363406"}],"wp:attachment":[{"href":"http:\/\/www.noticiasdelparana.com.ar\/NuevaEdicion\/wp-json\/wp\/v2\/media?parent=363414"}],"wp:term":[{"taxonomy":"category","embeddable":true,"href":"http:\/\/www.noticiasdelparana.com.ar\/NuevaEdicion\/wp-json\/wp\/v2\/categories?post=363414"},{"taxonomy":"post_tag","embeddable":true,"href":"http:\/\/www.noticiasdelparana.com.ar\/NuevaEdicion\/wp-json\/wp\/v2\/tags?post=363414"}],"curies":[{"name":"wp","href":"https:\/\/api.w.org\/{rel}","templated":true}]}}