{"id":363420,"date":"2026-04-29T20:39:57","date_gmt":"2026-04-29T23:39:57","guid":{"rendered":"http:\/\/www.noticiasdelparana.com.ar\/NuevaEdicion\/?p=363420"},"modified":"2026-04-29T20:39:59","modified_gmt":"2026-04-29T23:39:59","slug":"chaco-insssep-recuerda-que-este-30-de-abril-es-el-plazo-maximo-para-presentar-certificados-de-escolaridad","status":"publish","type":"post","link":"http:\/\/www.noticiasdelparana.com.ar\/NuevaEdicion\/2026\/04\/29\/chaco-insssep-recuerda-que-este-30-de-abril-es-el-plazo-maximo-para-presentar-certificados-de-escolaridad\/","title":{"rendered":"CHACO: Insssep: Recuerda Que Este 30 De Abril Es El Plazo M\u00e1ximo Para Presentar Certificados De Escolaridad"},"content":{"rendered":"\n<p>La medida fue establecida mediante disposici\u00f3n de la Gerencia de Jubilaciones y alcanza a los alumnos regulares de todos los niveles educativos. Asimismo, se solicita la presentaci\u00f3n de certificados de supervivencia de c\u00f3nyuges e hijos con discapacidad, en los casos que corresponda.<\/p>\n\n\n\n<p>Desde el organismo tambi\u00e9n informaron que los beneficiarios que residen en otras provincias deben presentar el certificado de supervivencia cada tres meses, pudiendo hacerlo a trav\u00e9s del correo electr\u00f3nico jubilaciones@insssep.gov.ar o de manera presencial.<\/p>\n\n\n\n<p>Con el objetivo de facilitar el tr\u00e1mite, INSSSEP record\u00f3 que la presentaci\u00f3n del certificado de escolaridad puede realizarse de forma digital desde el celular, a trav\u00e9s de la plataforma Tu Gobierno Digital.<\/p>\n\n\n\n<p>Para ello, los pasos a seguir son:<\/p>\n\n\n\n<p>-Ingresar a Tu Gobierno Digital Chaco.<\/p>\n\n\n\n<p>-Acceder a la aplicaci\u00f3n INSSSEP dentro de la cuenta.<\/p>\n\n\n\n<p>-Seleccionar la opci\u00f3n \u201cCertificado de estudio jubilaciones y pensiones\u201d.<\/p>\n\n\n\n<p>-Cargar la foto o archivo del certificado de estudios.<\/p>\n\n\n\n<p>-Presionar el bot\u00f3n \u201cEnviar\u201d.<\/p>\n\n\n\n<p>Desde INSSSEP remarcaron la importancia de cumplir con este requisito en tiempo y forma para garantizar la continuidad en el cobro de los beneficios correspondientes.<\/p>\n","protected":false},"excerpt":{"rendered":"<p>29-Abr-26 El Instituto de Seguridad Social, Seguros y Pr\u00e9stamos (INSSSEP) recuerda a jubilados, pensionados y retirados que perciben asignaciones por escolaridad y ayuda escolar que este jueves 30 de abril es la fecha l\u00edmite para la presentaci\u00f3n en t\u00e9rmino de los certificados de escolaridad correspondientes al inicio del ciclo lectivo 2026.<\/p>\n","protected":false},"author":3,"featured_media":363421,"comment_status":"closed","ping_status":"closed","sticky":false,"template":"","format":"standard","meta":[],"categories":[98],"tags":[],"_links":{"self":[{"href":"http:\/\/www.noticiasdelparana.com.ar\/NuevaEdicion\/wp-json\/wp\/v2\/posts\/363420"}],"collection":[{"href":"http:\/\/www.noticiasdelparana.com.ar\/NuevaEdicion\/wp-json\/wp\/v2\/posts"}],"about":[{"href":"http:\/\/www.noticiasdelparana.com.ar\/NuevaEdicion\/wp-json\/wp\/v2\/types\/post"}],"author":[{"embeddable":true,"href":"http:\/\/www.noticiasdelparana.com.ar\/NuevaEdicion\/wp-json\/wp\/v2\/users\/3"}],"replies":[{"embeddable":true,"href":"http:\/\/www.noticiasdelparana.com.ar\/NuevaEdicion\/wp-json\/wp\/v2\/comments?post=363420"}],"version-history":[{"count":1,"href":"http:\/\/www.noticiasdelparana.com.ar\/NuevaEdicion\/wp-json\/wp\/v2\/posts\/363420\/revisions"}],"predecessor-version":[{"id":363422,"href":"http:\/\/www.noticiasdelparana.com.ar\/NuevaEdicion\/wp-json\/wp\/v2\/posts\/363420\/revisions\/363422"}],"wp:featuredmedia":[{"embeddable":true,"href":"http:\/\/www.noticiasdelparana.com.ar\/NuevaEdicion\/wp-json\/wp\/v2\/media\/363421"}],"wp:attachment":[{"href":"http:\/\/www.noticiasdelparana.com.ar\/NuevaEdicion\/wp-json\/wp\/v2\/media?parent=363420"}],"wp:term":[{"taxonomy":"category","embeddable":true,"href":"http:\/\/www.noticiasdelparana.com.ar\/NuevaEdicion\/wp-json\/wp\/v2\/categories?post=363420"},{"taxonomy":"post_tag","embeddable":true,"href":"http:\/\/www.noticiasdelparana.com.ar\/NuevaEdicion\/wp-json\/wp\/v2\/tags?post=363420"}],"curies":[{"name":"wp","href":"https:\/\/api.w.org\/{rel}","templated":true}]}}