{"id":363423,"date":"2026-04-29T20:47:37","date_gmt":"2026-04-29T23:47:37","guid":{"rendered":"http:\/\/www.noticiasdelparana.com.ar\/NuevaEdicion\/?p=363423"},"modified":"2026-04-29T20:47:40","modified_gmt":"2026-04-29T23:47:40","slug":"corrientes-un-camion-volco-y-se-incendio-por-completo-tras-chocar-con-un-auto-en-la-ruta-14","status":"publish","type":"post","link":"http:\/\/www.noticiasdelparana.com.ar\/NuevaEdicion\/2026\/04\/29\/corrientes-un-camion-volco-y-se-incendio-por-completo-tras-chocar-con-un-auto-en-la-ruta-14\/","title":{"rendered":"CORRIENTES: Un Cami\u00f3n Volc\u00f3 Y Se Incendi\u00f3 Por Completo Tras Chocar Con Un Auto En La Ruta 14"},"content":{"rendered":"\n<p>Un cami\u00f3n de gran porte y un auto colisionaron por causas que se investigan.&nbsp;<\/p>\n\n\n\n<p>El cami\u00f3n volc\u00f3 en la banquina y fue devorado por el fuego en cuesti\u00f3n de minutos.&nbsp;<\/p>\n\n\n\n<p>A\u00fan no hay datos oficiales sobre el estado de los conductores y acompa\u00f1antes.&nbsp;<\/p>\n\n\n\n<p>Bomberos, polic\u00edas y ambulancias trabajan intensamente en el lugar. El tr\u00e1nsito est\u00e1 restringido y hay una densa humareda en la zona.<\/p>\n","protected":false},"excerpt":{"rendered":"<p>29-Abr-26 Un grav\u00edsimo siniestro vial paraliza el tr\u00e1nsito sobre la Ruta Nacional 14, a la altura del paraje &#8220;Bichadero&#8221;. <\/p>\n","protected":false},"author":3,"featured_media":363424,"comment_status":"closed","ping_status":"closed","sticky":false,"template":"","format":"standard","meta":[],"categories":[139],"tags":[],"_links":{"self":[{"href":"http:\/\/www.noticiasdelparana.com.ar\/NuevaEdicion\/wp-json\/wp\/v2\/posts\/363423"}],"collection":[{"href":"http:\/\/www.noticiasdelparana.com.ar\/NuevaEdicion\/wp-json\/wp\/v2\/posts"}],"about":[{"href":"http:\/\/www.noticiasdelparana.com.ar\/NuevaEdicion\/wp-json\/wp\/v2\/types\/post"}],"author":[{"embeddable":true,"href":"http:\/\/www.noticiasdelparana.com.ar\/NuevaEdicion\/wp-json\/wp\/v2\/users\/3"}],"replies":[{"embeddable":true,"href":"http:\/\/www.noticiasdelparana.com.ar\/NuevaEdicion\/wp-json\/wp\/v2\/comments?post=363423"}],"version-history":[{"count":1,"href":"http:\/\/www.noticiasdelparana.com.ar\/NuevaEdicion\/wp-json\/wp\/v2\/posts\/363423\/revisions"}],"predecessor-version":[{"id":363425,"href":"http:\/\/www.noticiasdelparana.com.ar\/NuevaEdicion\/wp-json\/wp\/v2\/posts\/363423\/revisions\/363425"}],"wp:featuredmedia":[{"embeddable":true,"href":"http:\/\/www.noticiasdelparana.com.ar\/NuevaEdicion\/wp-json\/wp\/v2\/media\/363424"}],"wp:attachment":[{"href":"http:\/\/www.noticiasdelparana.com.ar\/NuevaEdicion\/wp-json\/wp\/v2\/media?parent=363423"}],"wp:term":[{"taxonomy":"category","embeddable":true,"href":"http:\/\/www.noticiasdelparana.com.ar\/NuevaEdicion\/wp-json\/wp\/v2\/categories?post=363423"},{"taxonomy":"post_tag","embeddable":true,"href":"http:\/\/www.noticiasdelparana.com.ar\/NuevaEdicion\/wp-json\/wp\/v2\/tags?post=363423"}],"curies":[{"name":"wp","href":"https:\/\/api.w.org\/{rel}","templated":true}]}}