{"id":363426,"date":"2026-04-29T20:52:52","date_gmt":"2026-04-29T23:52:52","guid":{"rendered":"http:\/\/www.noticiasdelparana.com.ar\/NuevaEdicion\/?p=363426"},"modified":"2026-04-29T20:52:56","modified_gmt":"2026-04-29T23:52:56","slug":"chaco-intensifican-controles-chaco-adentro-se-controlaron-mas-de-100-motos","status":"publish","type":"post","link":"http:\/\/www.noticiasdelparana.com.ar\/NuevaEdicion\/2026\/04\/29\/chaco-intensifican-controles-chaco-adentro-se-controlaron-mas-de-100-motos\/","title":{"rendered":"CHACO: Intensifican Controles Chaco Adentro: Se Controlaron M\u00e1s De 100 Motos"},"content":{"rendered":"\n<p>Hoy, entre las 16 y las 18, los agentes de las direcciones de zona interior realizaron diversos operativos en sus respectivas localidades para reforzar los controles de motoveh\u00edculos.<\/p>\n\n\n\n<p>En S\u00e1enz Pe\u00f1a, condujeron a seis personas por diferentes infracciones al c\u00f3digo. Asimismo, secuestraron tres motocicletas por infracci\u00f3n a la ley 850-J.<\/p>\n\n\n\n<p>Por otro lado, en Villa \u00c1ngela, los agentes terminaron el operativo con tres conductores y cinco motos secuestradas.<\/p>\n\n\n\n<p>En Charata, despu\u00e9s de consultar m\u00e1s de 50 motos con el padr\u00f3n de motos unificado y de identificar a 58&nbsp; personas, el operativo termin\u00f3 sin detenciones y secuestros.<\/p>\n\n\n\n<p>En paralelo, el personal de San Mart\u00edn realiz\u00f3 un total de 15 consultas al padr\u00f3n de motos unificado y 21 al sistema de gesti\u00f3n biom\u00e9trica. As\u00ed detuvieron a un ciudadano con un arma de fuego casera y un cartucho.<\/p>\n\n\n\n<p>Por \u00faltimo, en Castelli los agentes realizaron 56 consultas al padr\u00f3n de motos unificado e identificaron a la misma cantidad de personas. Un hombre fue detenido por un pedido de captura activo y dos motos fueron secuestradas por infracciones al c\u00f3digo.<\/p>\n","protected":false},"excerpt":{"rendered":"<p>29-Abr-26 Los operativos de seguridad se realizaron en S\u00e1enz Pe\u00f1a, Villa \u00c1ngela, Charata, General San Mart\u00edn y Juan Jos\u00e9 Castelli.<\/p>\n","protected":false},"author":3,"featured_media":363427,"comment_status":"closed","ping_status":"closed","sticky":false,"template":"","format":"standard","meta":[],"categories":[103],"tags":[],"_links":{"self":[{"href":"http:\/\/www.noticiasdelparana.com.ar\/NuevaEdicion\/wp-json\/wp\/v2\/posts\/363426"}],"collection":[{"href":"http:\/\/www.noticiasdelparana.com.ar\/NuevaEdicion\/wp-json\/wp\/v2\/posts"}],"about":[{"href":"http:\/\/www.noticiasdelparana.com.ar\/NuevaEdicion\/wp-json\/wp\/v2\/types\/post"}],"author":[{"embeddable":true,"href":"http:\/\/www.noticiasdelparana.com.ar\/NuevaEdicion\/wp-json\/wp\/v2\/users\/3"}],"replies":[{"embeddable":true,"href":"http:\/\/www.noticiasdelparana.com.ar\/NuevaEdicion\/wp-json\/wp\/v2\/comments?post=363426"}],"version-history":[{"count":1,"href":"http:\/\/www.noticiasdelparana.com.ar\/NuevaEdicion\/wp-json\/wp\/v2\/posts\/363426\/revisions"}],"predecessor-version":[{"id":363428,"href":"http:\/\/www.noticiasdelparana.com.ar\/NuevaEdicion\/wp-json\/wp\/v2\/posts\/363426\/revisions\/363428"}],"wp:featuredmedia":[{"embeddable":true,"href":"http:\/\/www.noticiasdelparana.com.ar\/NuevaEdicion\/wp-json\/wp\/v2\/media\/363427"}],"wp:attachment":[{"href":"http:\/\/www.noticiasdelparana.com.ar\/NuevaEdicion\/wp-json\/wp\/v2\/media?parent=363426"}],"wp:term":[{"taxonomy":"category","embeddable":true,"href":"http:\/\/www.noticiasdelparana.com.ar\/NuevaEdicion\/wp-json\/wp\/v2\/categories?post=363426"},{"taxonomy":"post_tag","embeddable":true,"href":"http:\/\/www.noticiasdelparana.com.ar\/NuevaEdicion\/wp-json\/wp\/v2\/tags?post=363426"}],"curies":[{"name":"wp","href":"https:\/\/api.w.org\/{rel}","templated":true}]}}