{"id":363432,"date":"2026-04-30T07:12:16","date_gmt":"2026-04-30T10:12:16","guid":{"rendered":"http:\/\/www.noticiasdelparana.com.ar\/NuevaEdicion\/?p=363432"},"modified":"2026-04-30T07:12:23","modified_gmt":"2026-04-30T10:12:23","slug":"barranqueras-patrullaje-preventivo-termino-con-dos-demorados-y-secuestro-de-droga","status":"publish","type":"post","link":"http:\/\/www.noticiasdelparana.com.ar\/NuevaEdicion\/2026\/04\/30\/barranqueras-patrullaje-preventivo-termino-con-dos-demorados-y-secuestro-de-droga\/","title":{"rendered":"BARRANQUERAS: Patrullaje Preventivo Termin\u00f3 Con Dos Demorados Y Secuestro De Droga"},"content":{"rendered":"\n<p>El procedimiento se concret\u00f3 en calle 2 de Febrero al 200 aproximadamente, luego de que vecinos alertaran sobre movimientos sospechosos en la zona. Al arribar, los efectivos identificaron a dos sujetos que intentaron darse a la fuga e ingresar a una vivienda, siendo alcanzados a pocos metros.<\/p>\n\n\n\n<p>Durante el operativo se secuestraron envoltorios con sustancias blanquecinas y vegetal amarronado compatibles con coca\u00edna y marihuana, adem\u00e1s de dinero en efectivo, tel\u00e9fonos celulares y otros elementos de inter\u00e9s para la causa.<\/p>\n\n\n\n<p>La Fiscal\u00eda interviniente dispuso la intervenci\u00f3n de personal de Microtr\u00e1fico, continu\u00e1ndose con las actuaciones correspondientes.<\/p>\n","protected":false},"excerpt":{"rendered":"<p>30-Abr-26   En el marco de recorridas preventivas, personal policial demor\u00f3 a dos hombres en Barranqueras tras una intervenci\u00f3n vinculada a comercializaci\u00f3n de estupefacientes.<\/p>\n","protected":false},"author":3,"featured_media":363433,"comment_status":"closed","ping_status":"closed","sticky":false,"template":"","format":"standard","meta":[],"categories":[99],"tags":[],"_links":{"self":[{"href":"http:\/\/www.noticiasdelparana.com.ar\/NuevaEdicion\/wp-json\/wp\/v2\/posts\/363432"}],"collection":[{"href":"http:\/\/www.noticiasdelparana.com.ar\/NuevaEdicion\/wp-json\/wp\/v2\/posts"}],"about":[{"href":"http:\/\/www.noticiasdelparana.com.ar\/NuevaEdicion\/wp-json\/wp\/v2\/types\/post"}],"author":[{"embeddable":true,"href":"http:\/\/www.noticiasdelparana.com.ar\/NuevaEdicion\/wp-json\/wp\/v2\/users\/3"}],"replies":[{"embeddable":true,"href":"http:\/\/www.noticiasdelparana.com.ar\/NuevaEdicion\/wp-json\/wp\/v2\/comments?post=363432"}],"version-history":[{"count":1,"href":"http:\/\/www.noticiasdelparana.com.ar\/NuevaEdicion\/wp-json\/wp\/v2\/posts\/363432\/revisions"}],"predecessor-version":[{"id":363434,"href":"http:\/\/www.noticiasdelparana.com.ar\/NuevaEdicion\/wp-json\/wp\/v2\/posts\/363432\/revisions\/363434"}],"wp:featuredmedia":[{"embeddable":true,"href":"http:\/\/www.noticiasdelparana.com.ar\/NuevaEdicion\/wp-json\/wp\/v2\/media\/363433"}],"wp:attachment":[{"href":"http:\/\/www.noticiasdelparana.com.ar\/NuevaEdicion\/wp-json\/wp\/v2\/media?parent=363432"}],"wp:term":[{"taxonomy":"category","embeddable":true,"href":"http:\/\/www.noticiasdelparana.com.ar\/NuevaEdicion\/wp-json\/wp\/v2\/categories?post=363432"},{"taxonomy":"post_tag","embeddable":true,"href":"http:\/\/www.noticiasdelparana.com.ar\/NuevaEdicion\/wp-json\/wp\/v2\/tags?post=363432"}],"curies":[{"name":"wp","href":"https:\/\/api.w.org\/{rel}","templated":true}]}}