{"id":363447,"date":"2026-04-30T07:24:13","date_gmt":"2026-04-30T10:24:13","guid":{"rendered":"http:\/\/www.noticiasdelparana.com.ar\/NuevaEdicion\/?p=363447"},"modified":"2026-04-30T07:24:18","modified_gmt":"2026-04-30T10:24:18","slug":"resistencia-recuperan-cartel-de-transito-y-demoran-a-un-joven","status":"publish","type":"post","link":"http:\/\/www.noticiasdelparana.com.ar\/NuevaEdicion\/2026\/04\/30\/resistencia-recuperan-cartel-de-transito-y-demoran-a-un-joven\/","title":{"rendered":"RESISTENCIA:   Recuperan Cartel De Tr\u00e1nsito Y Demoran A Un Joven"},"content":{"rendered":"\n<p>El procedimiento tuvo lugar en avenida 25 de Mayo y calle Bignoles Norte, donde los efectivos interceptaron al sujeto con una estructura met\u00e1lica de aproximadamente dos metros de altura, con base de hormig\u00f3n y se\u00f1alizaci\u00f3n de sem\u00e1foro.<\/p>\n\n\n\n<p>El demorado fue trasladado junto al elemento secuestrado a la Comisar\u00eda Decimotercera Metropolitana, previo paso por Medicina Legal, en el marco de actuaciones por \u201cSupuesta Infracci\u00f3n al C\u00f3digo Penal\u201d.<\/p>\n","protected":false},"excerpt":{"rendered":"<p>30-Abr-26 Personal policial demor\u00f3 durante la madrugada a un joven de 21 a\u00f1os que trasladaba un cartel de se\u00f1alizaci\u00f3n vial presuntamente sustra\u00eddo de la v\u00eda p\u00fablica.<\/p>\n","protected":false},"author":3,"featured_media":363448,"comment_status":"closed","ping_status":"closed","sticky":false,"template":"","format":"standard","meta":[],"categories":[103],"tags":[],"_links":{"self":[{"href":"http:\/\/www.noticiasdelparana.com.ar\/NuevaEdicion\/wp-json\/wp\/v2\/posts\/363447"}],"collection":[{"href":"http:\/\/www.noticiasdelparana.com.ar\/NuevaEdicion\/wp-json\/wp\/v2\/posts"}],"about":[{"href":"http:\/\/www.noticiasdelparana.com.ar\/NuevaEdicion\/wp-json\/wp\/v2\/types\/post"}],"author":[{"embeddable":true,"href":"http:\/\/www.noticiasdelparana.com.ar\/NuevaEdicion\/wp-json\/wp\/v2\/users\/3"}],"replies":[{"embeddable":true,"href":"http:\/\/www.noticiasdelparana.com.ar\/NuevaEdicion\/wp-json\/wp\/v2\/comments?post=363447"}],"version-history":[{"count":1,"href":"http:\/\/www.noticiasdelparana.com.ar\/NuevaEdicion\/wp-json\/wp\/v2\/posts\/363447\/revisions"}],"predecessor-version":[{"id":363449,"href":"http:\/\/www.noticiasdelparana.com.ar\/NuevaEdicion\/wp-json\/wp\/v2\/posts\/363447\/revisions\/363449"}],"wp:featuredmedia":[{"embeddable":true,"href":"http:\/\/www.noticiasdelparana.com.ar\/NuevaEdicion\/wp-json\/wp\/v2\/media\/363448"}],"wp:attachment":[{"href":"http:\/\/www.noticiasdelparana.com.ar\/NuevaEdicion\/wp-json\/wp\/v2\/media?parent=363447"}],"wp:term":[{"taxonomy":"category","embeddable":true,"href":"http:\/\/www.noticiasdelparana.com.ar\/NuevaEdicion\/wp-json\/wp\/v2\/categories?post=363447"},{"taxonomy":"post_tag","embeddable":true,"href":"http:\/\/www.noticiasdelparana.com.ar\/NuevaEdicion\/wp-json\/wp\/v2\/tags?post=363447"}],"curies":[{"name":"wp","href":"https:\/\/api.w.org\/{rel}","templated":true}]}}