{"id":363468,"date":"2026-04-30T08:19:45","date_gmt":"2026-04-30T11:19:45","guid":{"rendered":"http:\/\/www.noticiasdelparana.com.ar\/NuevaEdicion\/?p=363468"},"modified":"2026-04-30T08:19:49","modified_gmt":"2026-04-30T11:19:49","slug":"corrientes-secuestraron-300-ampollas-de-fentanilo-y-detuvieron-a-un-hombre","status":"publish","type":"post","link":"http:\/\/www.noticiasdelparana.com.ar\/NuevaEdicion\/2026\/04\/30\/corrientes-secuestraron-300-ampollas-de-fentanilo-y-detuvieron-a-un-hombre\/","title":{"rendered":"CORRIENTES: Secuestraron 300 Ampollas De Fentanilo Y Detuvieron A Un Hombre"},"content":{"rendered":"\n<p>En un procedimiento orientado por la Unidad Fiscal Federal de Corrientes, la Gendarmer\u00eda Nacional secuestr\u00f3 300 ampollas de fentanilo durante un operativo de control realizado en el interior. El procedimiento se concret\u00f3 sobre la Ruta 34, en cercan\u00edas del l\u00edmite con Misiones. Se trata del primer caso vinculado a esta sustancia en la provincia.<\/p>\n\n\n\n<p>El hecho<\/p>\n\n\n\n<p>El hecho ocurri\u00f3 el 19 de abril de 2026, durante tareas de patrullaje del Escuadr\u00f3n 47 Ituzaing\u00f3 en inmediaciones del cementerio Santo Tom\u00e1s. En ese contexto, se detuvo un veh\u00edculo tipo taxi conducido por un hombre oriundo de Posadas.<\/p>\n\n\n\n<p>Durante la inspecci\u00f3n del auto a simple vista, los gendarmes detectaron cajas con la inscripci\u00f3n fentanilo. Ante la sospecha de una infracci\u00f3n a la Ley de Estupefacientes, se procedi\u00f3 a la requisa total del veh\u00edculo. Fue as\u00ed que se hallaron las 300 ampollas en el piso de los asientos traseros.<\/p>\n\n\n\n<p>El material fue secuestrado y el conductor qued\u00f3 detenido por orden judicial.<\/p>\n\n\n\n<p>Primer caso de fentanilo en Corrientes: secuestraron 300 ampollas y detuvieron a un hombre<\/p>\n\n\n\n<p>Origen extranjero<\/p>\n\n\n\n<p>Seg\u00fan los primeros datos, las ampollas habr\u00edan sido fabricadas en un laboratorio de Paraguay. Esa hip\u00f3tesis abri\u00f3 una l\u00ednea de investigaci\u00f3n sobre el posible desv\u00edo del circuito legal de medicamentos.<\/p>\n\n\n\n<p>La investigaci\u00f3n se profundiza con intervenci\u00f3n del \u00c1rea de Investigaci\u00f3n y Litigio de Casos Complejos de la Unidad Fiscal, a cargo de la fiscal Tamara Pourcel, en un trabajo apuntado a determinar el origen, el destino y el v\u00ednculo que pudiera tener esta carga con organizaciones criminales.<\/p>\n\n\n\n<p>La causa qued\u00f3 en manos del Ministerio P\u00fablico Fiscal de la Naci\u00f3n, que atribuy\u00f3 el hecho al detenido en una audiencia realizada el 21 de abril. El juez dispuso prisi\u00f3n preventiva mientras avanza la investigaci\u00f3n.<\/p>\n\n\n\n<p>El expediente contin\u00faa abierto para determinar el origen del cargamento, su destino final y eventuales v\u00ednculos con organizaciones criminales internacionales.<\/p>\n\n\n\n<p>Primer caso de fentanilo en Corrientes: secuestraron 300 ampollas y detuvieron a un hombre<\/p>\n","protected":false},"excerpt":{"rendered":"<p>30-Abr-26 Seg\u00fan el informe preliminar, la sustancia habr\u00eda sido fabricada en un laboratorio de Paraguay. <\/p>\n","protected":false},"author":4,"featured_media":363462,"comment_status":"closed","ping_status":"closed","sticky":false,"template":"","format":"standard","meta":[],"categories":[139],"tags":[],"_links":{"self":[{"href":"http:\/\/www.noticiasdelparana.com.ar\/NuevaEdicion\/wp-json\/wp\/v2\/posts\/363468"}],"collection":[{"href":"http:\/\/www.noticiasdelparana.com.ar\/NuevaEdicion\/wp-json\/wp\/v2\/posts"}],"about":[{"href":"http:\/\/www.noticiasdelparana.com.ar\/NuevaEdicion\/wp-json\/wp\/v2\/types\/post"}],"author":[{"embeddable":true,"href":"http:\/\/www.noticiasdelparana.com.ar\/NuevaEdicion\/wp-json\/wp\/v2\/users\/4"}],"replies":[{"embeddable":true,"href":"http:\/\/www.noticiasdelparana.com.ar\/NuevaEdicion\/wp-json\/wp\/v2\/comments?post=363468"}],"version-history":[{"count":1,"href":"http:\/\/www.noticiasdelparana.com.ar\/NuevaEdicion\/wp-json\/wp\/v2\/posts\/363468\/revisions"}],"predecessor-version":[{"id":363469,"href":"http:\/\/www.noticiasdelparana.com.ar\/NuevaEdicion\/wp-json\/wp\/v2\/posts\/363468\/revisions\/363469"}],"wp:featuredmedia":[{"embeddable":true,"href":"http:\/\/www.noticiasdelparana.com.ar\/NuevaEdicion\/wp-json\/wp\/v2\/media\/363462"}],"wp:attachment":[{"href":"http:\/\/www.noticiasdelparana.com.ar\/NuevaEdicion\/wp-json\/wp\/v2\/media?parent=363468"}],"wp:term":[{"taxonomy":"category","embeddable":true,"href":"http:\/\/www.noticiasdelparana.com.ar\/NuevaEdicion\/wp-json\/wp\/v2\/categories?post=363468"},{"taxonomy":"post_tag","embeddable":true,"href":"http:\/\/www.noticiasdelparana.com.ar\/NuevaEdicion\/wp-json\/wp\/v2\/tags?post=363468"}],"curies":[{"name":"wp","href":"https:\/\/api.w.org\/{rel}","templated":true}]}}