{"id":363472,"date":"2026-04-30T08:22:37","date_gmt":"2026-04-30T11:22:37","guid":{"rendered":"http:\/\/www.noticiasdelparana.com.ar\/NuevaEdicion\/?p=363472"},"modified":"2026-04-30T08:22:41","modified_gmt":"2026-04-30T11:22:41","slug":"esquina-le-filmaron-haciendo-disparos-con-escopeta-y-termino-preso-en-corrientes","status":"publish","type":"post","link":"http:\/\/www.noticiasdelparana.com.ar\/NuevaEdicion\/2026\/04\/30\/esquina-le-filmaron-haciendo-disparos-con-escopeta-y-termino-preso-en-corrientes\/","title":{"rendered":"ESQUINA: Le Filmaron Haciendo Disparos Con Escopeta Y Termin\u00f3 Preso En Corrientes"},"content":{"rendered":"\n<p>En un hecho que sorprendi\u00f3, un joven fue filmado en Esquina mientras hac\u00eda disparos con una escopeta, tras lo cual ordenaron su aprehensi\u00f3n que fue concretada este mi\u00e9rcoles al mediod\u00eda por personal de la Comisar\u00eda Segunda de esa ciudad.<\/p>\n\n\n\n<p>Demoraron al sospechoso y secuestraron una escopeta, en el marco de una r\u00e1pida investigaci\u00f3n de la Fiscal\u00eda en turno que intervino tras la viralizaci\u00f3n de un video donde se observaba a una persona que realizaba disparos al aire con un arma de fuego.<\/p>\n\n\n\n<p>El operativo se concret\u00f3 este mi\u00e9rcoles al mediod\u00eda sobre la calle Dr. Jos\u00e9 Alfredo Ferreyra, casi Carlos Longa, luego de que vecinos alertaran sobre detonaciones en la zona, seg\u00fan confirm\u00f3 el portal Actualidad Esquina.<\/p>\n\n\n\n<p>La intervenci\u00f3n policial se inici\u00f3 de oficio por supuesta tenencia ilegal de arma de fuego, reforzada por una secuencia f\u00edlmica donde se observa al ciudadano, identificado como Mat\u00edas Ezequiel R. manipulando y efectuando un disparo. Ante la evidencia, el fiscal Gustavo Javier Mosquera, dispuso el inicio de las actuaciones judiciales correspondientes.<\/p>\n\n\n\n<p>Durante el procedimiento, el implicado hizo entrega voluntaria de una escopeta marca Rossi, calibre 12, con culata de madera y ca\u00f1\u00f3n cromado.<\/p>\n\n\n\n<p>Tanto el arma como un soporte digital con los videos del hecho fueron secuestrados preventivamente, mientras que el sospechoso permanece demorado a disposici\u00f3n de la justicia.<\/p>\n","protected":false},"excerpt":{"rendered":"<p>30-Abr-26 La Fiscal\u00eda orden\u00f3 adem\u00e1s el secuestro del arma de fuego<\/p>\n","protected":false},"author":4,"featured_media":363461,"comment_status":"closed","ping_status":"closed","sticky":false,"template":"","format":"standard","meta":[],"categories":[139],"tags":[],"_links":{"self":[{"href":"http:\/\/www.noticiasdelparana.com.ar\/NuevaEdicion\/wp-json\/wp\/v2\/posts\/363472"}],"collection":[{"href":"http:\/\/www.noticiasdelparana.com.ar\/NuevaEdicion\/wp-json\/wp\/v2\/posts"}],"about":[{"href":"http:\/\/www.noticiasdelparana.com.ar\/NuevaEdicion\/wp-json\/wp\/v2\/types\/post"}],"author":[{"embeddable":true,"href":"http:\/\/www.noticiasdelparana.com.ar\/NuevaEdicion\/wp-json\/wp\/v2\/users\/4"}],"replies":[{"embeddable":true,"href":"http:\/\/www.noticiasdelparana.com.ar\/NuevaEdicion\/wp-json\/wp\/v2\/comments?post=363472"}],"version-history":[{"count":1,"href":"http:\/\/www.noticiasdelparana.com.ar\/NuevaEdicion\/wp-json\/wp\/v2\/posts\/363472\/revisions"}],"predecessor-version":[{"id":363473,"href":"http:\/\/www.noticiasdelparana.com.ar\/NuevaEdicion\/wp-json\/wp\/v2\/posts\/363472\/revisions\/363473"}],"wp:featuredmedia":[{"embeddable":true,"href":"http:\/\/www.noticiasdelparana.com.ar\/NuevaEdicion\/wp-json\/wp\/v2\/media\/363461"}],"wp:attachment":[{"href":"http:\/\/www.noticiasdelparana.com.ar\/NuevaEdicion\/wp-json\/wp\/v2\/media?parent=363472"}],"wp:term":[{"taxonomy":"category","embeddable":true,"href":"http:\/\/www.noticiasdelparana.com.ar\/NuevaEdicion\/wp-json\/wp\/v2\/categories?post=363472"},{"taxonomy":"post_tag","embeddable":true,"href":"http:\/\/www.noticiasdelparana.com.ar\/NuevaEdicion\/wp-json\/wp\/v2\/tags?post=363472"}],"curies":[{"name":"wp","href":"https:\/\/api.w.org\/{rel}","templated":true}]}}