{"id":363476,"date":"2026-04-30T08:24:35","date_gmt":"2026-04-30T11:24:35","guid":{"rendered":"http:\/\/www.noticiasdelparana.com.ar\/NuevaEdicion\/?p=363476"},"modified":"2026-04-30T08:24:38","modified_gmt":"2026-04-30T11:24:38","slug":"corrientes-investigacion-y-detencion-tras-el-robo-del-interior-de-un-automovil","status":"publish","type":"post","link":"http:\/\/www.noticiasdelparana.com.ar\/NuevaEdicion\/2026\/04\/30\/corrientes-investigacion-y-detencion-tras-el-robo-del-interior-de-un-automovil\/","title":{"rendered":"CORRIENTES: Investigaci\u00f3n Y Detenci\u00f3n Tras El Robo Del Interior De Un Autom\u00f3vil"},"content":{"rendered":"\n<p>El hecho delictivo, hab\u00eda cobrado notoriedad tras su masiva difusi\u00f3n en redes sociales, fue esclarecido durante el mediod\u00eda del martes.<\/p>\n\n\n\n<p>Las tareas investigativas permitieron identificar y rastrear los elementos sustra\u00eddos del interior de un autom\u00f3vil.<\/p>\n\n\n\n<p>Operativo Conjunto y Detenciones<\/p>\n\n\n\n<p>Bajo la supervisi\u00f3n de la Unidad Fiscal interviniente, se despleg\u00f3 un operativo coordinado entre Comisar\u00eda VI Urbana y la Direcci\u00f3n de Investigaci\u00f3n Criminal (DIC).<\/p>\n\n\n\n<p>Durante el procedimiento, los efectivos detuvieron a dos hombres, ambos mayores de edad, apuntados como los presuntos autores materiales del robo.<\/p>\n\n\n\n<p>La Polic\u00eda logr\u00f3 localizar la totalidad de los objetos robados. Tras los peritajes de rigor, los elementos fueron restituidos a su propietario original.<\/p>\n\n\n\n<p>Los demorados quedaron a disposici\u00f3n de la fiscal\u00eda en turno para avanzar con las actuaciones legales.<\/p>\n","protected":false},"excerpt":{"rendered":"<p>30-Abr-26 La Polic\u00eda de Corrientes inform\u00f3 que el martes detuvo a dos personas en ciudad Capital luego de realizar una investigaci\u00f3n relacionada a un robo.<\/p>\n","protected":false},"author":4,"featured_media":363464,"comment_status":"closed","ping_status":"closed","sticky":false,"template":"","format":"standard","meta":[],"categories":[139],"tags":[],"_links":{"self":[{"href":"http:\/\/www.noticiasdelparana.com.ar\/NuevaEdicion\/wp-json\/wp\/v2\/posts\/363476"}],"collection":[{"href":"http:\/\/www.noticiasdelparana.com.ar\/NuevaEdicion\/wp-json\/wp\/v2\/posts"}],"about":[{"href":"http:\/\/www.noticiasdelparana.com.ar\/NuevaEdicion\/wp-json\/wp\/v2\/types\/post"}],"author":[{"embeddable":true,"href":"http:\/\/www.noticiasdelparana.com.ar\/NuevaEdicion\/wp-json\/wp\/v2\/users\/4"}],"replies":[{"embeddable":true,"href":"http:\/\/www.noticiasdelparana.com.ar\/NuevaEdicion\/wp-json\/wp\/v2\/comments?post=363476"}],"version-history":[{"count":1,"href":"http:\/\/www.noticiasdelparana.com.ar\/NuevaEdicion\/wp-json\/wp\/v2\/posts\/363476\/revisions"}],"predecessor-version":[{"id":363477,"href":"http:\/\/www.noticiasdelparana.com.ar\/NuevaEdicion\/wp-json\/wp\/v2\/posts\/363476\/revisions\/363477"}],"wp:featuredmedia":[{"embeddable":true,"href":"http:\/\/www.noticiasdelparana.com.ar\/NuevaEdicion\/wp-json\/wp\/v2\/media\/363464"}],"wp:attachment":[{"href":"http:\/\/www.noticiasdelparana.com.ar\/NuevaEdicion\/wp-json\/wp\/v2\/media?parent=363476"}],"wp:term":[{"taxonomy":"category","embeddable":true,"href":"http:\/\/www.noticiasdelparana.com.ar\/NuevaEdicion\/wp-json\/wp\/v2\/categories?post=363476"},{"taxonomy":"post_tag","embeddable":true,"href":"http:\/\/www.noticiasdelparana.com.ar\/NuevaEdicion\/wp-json\/wp\/v2\/tags?post=363476"}],"curies":[{"name":"wp","href":"https:\/\/api.w.org\/{rel}","templated":true}]}}