{"id":363478,"date":"2026-04-30T08:25:29","date_gmt":"2026-04-30T11:25:29","guid":{"rendered":"http:\/\/www.noticiasdelparana.com.ar\/NuevaEdicion\/?p=363478"},"modified":"2026-04-30T08:25:33","modified_gmt":"2026-04-30T11:25:33","slug":"corrientes-investigan-mensajes-antisemitas-contra-una-menor-y-su-familia","status":"publish","type":"post","link":"http:\/\/www.noticiasdelparana.com.ar\/NuevaEdicion\/2026\/04\/30\/corrientes-investigan-mensajes-antisemitas-contra-una-menor-y-su-familia\/","title":{"rendered":"CORRIENTES: Investigan Mensajes Antisemitas Contra Una Menor Y Su Familia"},"content":{"rendered":"\n<p>La Justicia federal de Corrientes inici\u00f3 una investigaci\u00f3n por mensajes de odio religioso y antisemitas contra una familia de la comunidad jud\u00eda. La denuncia fue presentada el 22 de abril ante la fiscal\u00eda a cargo de Carlos Schafer.<\/p>\n\n\n\n<p>El caso cuenta con el acompa\u00f1amiento de la Delegaci\u00f3n de Asociaciones Israelitas Argentinas (Daia), a trav\u00e9s de su filial local. La entidad brinda asesoramiento jur\u00eddico y respaldo institucional a los denunciantes.<\/p>\n\n\n\n<p>Mensajes intimidantes<\/p>\n\n\n\n<p>El hecho se remonta al domingo 19 de abril, cuando una menor recibi\u00f3 una serie de mensajes ofensivos en su celular. Llegaron a trav\u00e9s de WhatsApp e inclu\u00edan alrededor de 50 stickers e im\u00e1genes con simbolog\u00eda nazi. Entre ellos se observaron esv\u00e1sticas y referencias al r\u00e9gimen, con contenido ofensivo dirigido a la identidad religiosa de la menor.<\/p>\n\n\n\n<p>De acuerdo con la denuncia, los mensajes constituyen una manifestaci\u00f3n directa de odio y resultan especialmente graves por tratarse de una v\u00edctima menor de edad. Adem\u00e1s, se\u00f1alaron que el contenido tuvo un car\u00e1cter intimidante hacia todo el grupo familiar.<\/p>\n\n\n\n<p>La causa busca determinar el origen de los env\u00edos y establecer posibles responsabilidades penales en el marco de la legislaci\u00f3n vigente.<\/p>\n","protected":false},"excerpt":{"rendered":"<p>30-Abr-26 La denuncia fue presentada ante la fiscal\u00eda a cargo de Carlos Schafer y el caso cuenta con el acompa\u00f1amiento de la Delegaci\u00f3n de Asociaciones Israelitas Argentinas.<\/p>\n","protected":false},"author":4,"featured_media":363460,"comment_status":"closed","ping_status":"closed","sticky":false,"template":"","format":"standard","meta":[],"categories":[139],"tags":[],"_links":{"self":[{"href":"http:\/\/www.noticiasdelparana.com.ar\/NuevaEdicion\/wp-json\/wp\/v2\/posts\/363478"}],"collection":[{"href":"http:\/\/www.noticiasdelparana.com.ar\/NuevaEdicion\/wp-json\/wp\/v2\/posts"}],"about":[{"href":"http:\/\/www.noticiasdelparana.com.ar\/NuevaEdicion\/wp-json\/wp\/v2\/types\/post"}],"author":[{"embeddable":true,"href":"http:\/\/www.noticiasdelparana.com.ar\/NuevaEdicion\/wp-json\/wp\/v2\/users\/4"}],"replies":[{"embeddable":true,"href":"http:\/\/www.noticiasdelparana.com.ar\/NuevaEdicion\/wp-json\/wp\/v2\/comments?post=363478"}],"version-history":[{"count":1,"href":"http:\/\/www.noticiasdelparana.com.ar\/NuevaEdicion\/wp-json\/wp\/v2\/posts\/363478\/revisions"}],"predecessor-version":[{"id":363479,"href":"http:\/\/www.noticiasdelparana.com.ar\/NuevaEdicion\/wp-json\/wp\/v2\/posts\/363478\/revisions\/363479"}],"wp:featuredmedia":[{"embeddable":true,"href":"http:\/\/www.noticiasdelparana.com.ar\/NuevaEdicion\/wp-json\/wp\/v2\/media\/363460"}],"wp:attachment":[{"href":"http:\/\/www.noticiasdelparana.com.ar\/NuevaEdicion\/wp-json\/wp\/v2\/media?parent=363478"}],"wp:term":[{"taxonomy":"category","embeddable":true,"href":"http:\/\/www.noticiasdelparana.com.ar\/NuevaEdicion\/wp-json\/wp\/v2\/categories?post=363478"},{"taxonomy":"post_tag","embeddable":true,"href":"http:\/\/www.noticiasdelparana.com.ar\/NuevaEdicion\/wp-json\/wp\/v2\/tags?post=363478"}],"curies":[{"name":"wp","href":"https:\/\/api.w.org\/{rel}","templated":true}]}}