{"id":363480,"date":"2026-04-30T08:39:45","date_gmt":"2026-04-30T11:39:45","guid":{"rendered":"http:\/\/www.noticiasdelparana.com.ar\/NuevaEdicion\/?p=363480"},"modified":"2026-04-30T08:39:49","modified_gmt":"2026-04-30T11:39:49","slug":"fontana-se-realizara-la-restauracion-de-la-historica-chimenea","status":"publish","type":"post","link":"http:\/\/www.noticiasdelparana.com.ar\/NuevaEdicion\/2026\/04\/30\/fontana-se-realizara-la-restauracion-de-la-historica-chimenea\/","title":{"rendered":"FONTANA: Se Realizar\u00e1 La Restauraci\u00f3n De La Hist\u00f3rica Chimenea"},"content":{"rendered":"\n<p>La intervenci\u00f3n ser\u00e1 financiada por el Gobierno provincial a trav\u00e9s de Loter\u00eda Chaque\u00f1a, mientras que el municipio tendr\u00e1 a su cargo la administraci\u00f3n de la obra.<\/p>\n\n\n\n<p>El acuerdo contempla trabajos integrales de reparaci\u00f3n y mantenimiento para preservar la estructura y refuncionalizar el predio, que actualmente se encuentra cerrado debido al riesgo que representa. Las tareas incluir\u00e1n intervenciones tanto internas como externas, con el objetivo de garantizar la seguridad en la zona y recuperar un espacio clave para la comunidad.<\/p>\n\n\n\n<p>Durante el acto, ayer a la tarde, el gobernador destac\u00f3 la importancia simb\u00f3lica de la Chimenea como \u201cun emblema que marca una etapa de gran desarrollo y generaci\u00f3n de empleo en la ciudad\u201d, y remarc\u00f3 que su recuperaci\u00f3n permitir\u00e1 poner en valor la historia local y proyectar nuevas acciones a futuro. Asimismo, subray\u00f3 que la obra requiere un abordaje cuidadoso por tratarse de un monumento hist\u00f3rico.<\/p>\n\n\n\n<p>Por su parte, el presidente de Loter\u00eda Chaque\u00f1a, Lucas Apud Masin, resalt\u00f3 el trabajo articulado con los municipios y afirm\u00f3 que \u201clos recursos provenientes del juego legal, seguro y responsable se traducen en obras concretas para la comunidad\u201d, celebrando la posibilidad de acompa\u00f1ar esta iniciativa.<\/p>\n\n\n\n<p>A su turno, el intendente Fernando Cuadra valor\u00f3 la firma del convenio y se\u00f1al\u00f3 que la Chimenea \u201cforma parte de la identidad de Fontana\u201d. Adem\u00e1s, adelant\u00f3 que se iniciar\u00e1 el proceso administrativo de licitaci\u00f3n para la ejecuci\u00f3n de la obra, la cual contar\u00e1 con participaci\u00f3n de empresas y mano de obra local. \u201cNo se trata solo de reparar la estructura, sino de recuperar todo el casco c\u00e9ntrico hist\u00f3rico de la ciudad\u201d, sostuvo.<\/p>\n\n\n\n<p>La intervenci\u00f3n se enmarca en una pol\u00edtica provincial orientada a la recuperaci\u00f3n de espacios p\u00fablicos y del patrimonio hist\u00f3rico en todo el territorio chaque\u00f1o. Tras m\u00e1s de tres a\u00f1os de permanecer cerrado el sector, se prev\u00e9 que los trabajos finalicen antes de fin de a\u00f1o.<\/p>\n\n\n\n<p>Del acto participaron la legisladora provincial Carina Botteri Disoff, autoridades municipales, representantes del Poder Judicial, efectivos de Gendarmer\u00eda Nacional, veteranos de guerra y excombatientes de Malvinas, adem\u00e1s de instituciones sociales, culturales y deportivas de la comunidad.<\/p>\n","protected":false},"excerpt":{"rendered":"<p>30-Abr-26  El gobernador Leandro Zdero y el intendente de Fontana, Fernando Cuadra, firmaron un convenio para avanzar en la restauraci\u00f3n y puesta en valor de la hist\u00f3rica Chimenea, un monumento emblem\u00e1tico del patrimonio hist\u00f3rico y cultural de la ciudad. <\/p>\n","protected":false},"author":3,"featured_media":363481,"comment_status":"closed","ping_status":"closed","sticky":false,"template":"","format":"standard","meta":[],"categories":[98],"tags":[],"_links":{"self":[{"href":"http:\/\/www.noticiasdelparana.com.ar\/NuevaEdicion\/wp-json\/wp\/v2\/posts\/363480"}],"collection":[{"href":"http:\/\/www.noticiasdelparana.com.ar\/NuevaEdicion\/wp-json\/wp\/v2\/posts"}],"about":[{"href":"http:\/\/www.noticiasdelparana.com.ar\/NuevaEdicion\/wp-json\/wp\/v2\/types\/post"}],"author":[{"embeddable":true,"href":"http:\/\/www.noticiasdelparana.com.ar\/NuevaEdicion\/wp-json\/wp\/v2\/users\/3"}],"replies":[{"embeddable":true,"href":"http:\/\/www.noticiasdelparana.com.ar\/NuevaEdicion\/wp-json\/wp\/v2\/comments?post=363480"}],"version-history":[{"count":1,"href":"http:\/\/www.noticiasdelparana.com.ar\/NuevaEdicion\/wp-json\/wp\/v2\/posts\/363480\/revisions"}],"predecessor-version":[{"id":363482,"href":"http:\/\/www.noticiasdelparana.com.ar\/NuevaEdicion\/wp-json\/wp\/v2\/posts\/363480\/revisions\/363482"}],"wp:featuredmedia":[{"embeddable":true,"href":"http:\/\/www.noticiasdelparana.com.ar\/NuevaEdicion\/wp-json\/wp\/v2\/media\/363481"}],"wp:attachment":[{"href":"http:\/\/www.noticiasdelparana.com.ar\/NuevaEdicion\/wp-json\/wp\/v2\/media?parent=363480"}],"wp:term":[{"taxonomy":"category","embeddable":true,"href":"http:\/\/www.noticiasdelparana.com.ar\/NuevaEdicion\/wp-json\/wp\/v2\/categories?post=363480"},{"taxonomy":"post_tag","embeddable":true,"href":"http:\/\/www.noticiasdelparana.com.ar\/NuevaEdicion\/wp-json\/wp\/v2\/tags?post=363480"}],"curies":[{"name":"wp","href":"https:\/\/api.w.org\/{rel}","templated":true}]}}