{"id":363493,"date":"2026-04-30T09:32:36","date_gmt":"2026-04-30T12:32:36","guid":{"rendered":"http:\/\/www.noticiasdelparana.com.ar\/NuevaEdicion\/?p=363493"},"modified":"2026-04-30T09:32:40","modified_gmt":"2026-04-30T12:32:40","slug":"saenz-pena-secuestran-una-bateria-de-automovil-de-dudosa-procedencia","status":"publish","type":"post","link":"http:\/\/www.noticiasdelparana.com.ar\/NuevaEdicion\/2026\/04\/30\/saenz-pena-secuestran-una-bateria-de-automovil-de-dudosa-procedencia\/","title":{"rendered":"S\u00c1ENZ PE\u00d1A: Secuestran Una Bater\u00eda De Autom\u00f3vil De Dudosa Procedencia"},"content":{"rendered":"\n<p>El hecho ocurri\u00f3 alrededor de las 2:00 de la madrugada, cuando efectivos de la Comisar\u00eda Sexta realizaban recorridas preventivas por el barrio 112 Viviendas. En ese momento, al circular en el m\u00f3vil policial, observaron a un hombre que llevaba a pie un objeto que les llam\u00f3 la atenci\u00f3n.<\/p>\n\n\n\n<p>Al intentar identificarlo, el sujeto arroj\u00f3 el elemento y sali\u00f3 corriendo, intern\u00e1ndose en una zona de malezas, donde logr\u00f3 escapar.<\/p>\n\n\n\n<p>En el lugar, los agentes secuestraron una bater\u00eda de autom\u00f3vil marca Bosch, de 12V, que hab\u00eda sido abandonada durante la huida. Luego, realizaron recorridas por la zona para tratar de identificar al individuo y establecer de d\u00f3nde proven\u00eda el objeto, aunque sin resultados positivos.<\/p>\n\n\n\n<p>Por el hecho, se iniciaron actuaciones judiciales para determinar la procedencia de la bater\u00eda.<\/p>\n","protected":false},"excerpt":{"rendered":"<p>30-Abr-26 El procedimiento se realiz\u00f3 en el marco del operativo \u201cPatrullaje Motorizado Lince\u201d.<\/p>\n","protected":false},"author":4,"featured_media":363494,"comment_status":"closed","ping_status":"closed","sticky":false,"template":"","format":"standard","meta":[],"categories":[103],"tags":[],"_links":{"self":[{"href":"http:\/\/www.noticiasdelparana.com.ar\/NuevaEdicion\/wp-json\/wp\/v2\/posts\/363493"}],"collection":[{"href":"http:\/\/www.noticiasdelparana.com.ar\/NuevaEdicion\/wp-json\/wp\/v2\/posts"}],"about":[{"href":"http:\/\/www.noticiasdelparana.com.ar\/NuevaEdicion\/wp-json\/wp\/v2\/types\/post"}],"author":[{"embeddable":true,"href":"http:\/\/www.noticiasdelparana.com.ar\/NuevaEdicion\/wp-json\/wp\/v2\/users\/4"}],"replies":[{"embeddable":true,"href":"http:\/\/www.noticiasdelparana.com.ar\/NuevaEdicion\/wp-json\/wp\/v2\/comments?post=363493"}],"version-history":[{"count":1,"href":"http:\/\/www.noticiasdelparana.com.ar\/NuevaEdicion\/wp-json\/wp\/v2\/posts\/363493\/revisions"}],"predecessor-version":[{"id":363496,"href":"http:\/\/www.noticiasdelparana.com.ar\/NuevaEdicion\/wp-json\/wp\/v2\/posts\/363493\/revisions\/363496"}],"wp:featuredmedia":[{"embeddable":true,"href":"http:\/\/www.noticiasdelparana.com.ar\/NuevaEdicion\/wp-json\/wp\/v2\/media\/363494"}],"wp:attachment":[{"href":"http:\/\/www.noticiasdelparana.com.ar\/NuevaEdicion\/wp-json\/wp\/v2\/media?parent=363493"}],"wp:term":[{"taxonomy":"category","embeddable":true,"href":"http:\/\/www.noticiasdelparana.com.ar\/NuevaEdicion\/wp-json\/wp\/v2\/categories?post=363493"},{"taxonomy":"post_tag","embeddable":true,"href":"http:\/\/www.noticiasdelparana.com.ar\/NuevaEdicion\/wp-json\/wp\/v2\/tags?post=363493"}],"curies":[{"name":"wp","href":"https:\/\/api.w.org\/{rel}","templated":true}]}}