{"id":363497,"date":"2026-04-30T09:33:23","date_gmt":"2026-04-30T12:33:23","guid":{"rendered":"http:\/\/www.noticiasdelparana.com.ar\/NuevaEdicion\/?p=363497"},"modified":"2026-04-30T09:33:27","modified_gmt":"2026-04-30T12:33:27","slug":"saenz-pena-demoraron-a-un-joven-secuestraron-herramientas-en-el-barrio-nuevo","status":"publish","type":"post","link":"http:\/\/www.noticiasdelparana.com.ar\/NuevaEdicion\/2026\/04\/30\/saenz-pena-demoraron-a-un-joven-secuestraron-herramientas-en-el-barrio-nuevo\/","title":{"rendered":"SAENZ PE\u00d1A: Demoraron A Un Joven Secuestraron Herramientas En El Barrio Nuevo"},"content":{"rendered":"\n<p>Personal de la Comisar\u00eda Segunda llev\u00f3 adelante un procedimiento en la madrugada de este jueves alrededor de las 2, en calle 19 entre 28 y 30 del Barrio Nuevo de esa ciudad, donde demoraron a un joven de 24 a\u00f1os.<\/p>\n\n\n\n<p>El operativo se desarroll\u00f3 cuando efectivos que patrullaban la zona observaron a un joven que, al notar la presencia policial, emprendi\u00f3 la fuga a pie. Tras un seguimiento, el sospechoso fue alcanzado y demorado a los pocos metros del lugar. Al momento de identificarlo, detectaron que transportaba varios elementos que no pudo justificar su procedencia.<\/p>\n","protected":false},"excerpt":{"rendered":"<p>30-Abr-26   Se realiz\u00f3 durante la madrugada de este jueves en calle 19. El sospechoso, de 24 a\u00f1os, intent\u00f3 escapar al advertir la presencia policial y no pudo justificar el origen de los elementos que transportaba.<\/p>\n","protected":false},"author":4,"featured_media":363495,"comment_status":"closed","ping_status":"closed","sticky":false,"template":"","format":"standard","meta":[],"categories":[103],"tags":[],"_links":{"self":[{"href":"http:\/\/www.noticiasdelparana.com.ar\/NuevaEdicion\/wp-json\/wp\/v2\/posts\/363497"}],"collection":[{"href":"http:\/\/www.noticiasdelparana.com.ar\/NuevaEdicion\/wp-json\/wp\/v2\/posts"}],"about":[{"href":"http:\/\/www.noticiasdelparana.com.ar\/NuevaEdicion\/wp-json\/wp\/v2\/types\/post"}],"author":[{"embeddable":true,"href":"http:\/\/www.noticiasdelparana.com.ar\/NuevaEdicion\/wp-json\/wp\/v2\/users\/4"}],"replies":[{"embeddable":true,"href":"http:\/\/www.noticiasdelparana.com.ar\/NuevaEdicion\/wp-json\/wp\/v2\/comments?post=363497"}],"version-history":[{"count":1,"href":"http:\/\/www.noticiasdelparana.com.ar\/NuevaEdicion\/wp-json\/wp\/v2\/posts\/363497\/revisions"}],"predecessor-version":[{"id":363498,"href":"http:\/\/www.noticiasdelparana.com.ar\/NuevaEdicion\/wp-json\/wp\/v2\/posts\/363497\/revisions\/363498"}],"wp:featuredmedia":[{"embeddable":true,"href":"http:\/\/www.noticiasdelparana.com.ar\/NuevaEdicion\/wp-json\/wp\/v2\/media\/363495"}],"wp:attachment":[{"href":"http:\/\/www.noticiasdelparana.com.ar\/NuevaEdicion\/wp-json\/wp\/v2\/media?parent=363497"}],"wp:term":[{"taxonomy":"category","embeddable":true,"href":"http:\/\/www.noticiasdelparana.com.ar\/NuevaEdicion\/wp-json\/wp\/v2\/categories?post=363497"},{"taxonomy":"post_tag","embeddable":true,"href":"http:\/\/www.noticiasdelparana.com.ar\/NuevaEdicion\/wp-json\/wp\/v2\/tags?post=363497"}],"curies":[{"name":"wp","href":"https:\/\/api.w.org\/{rel}","templated":true}]}}