{"id":363499,"date":"2026-04-30T09:37:41","date_gmt":"2026-04-30T12:37:41","guid":{"rendered":"http:\/\/www.noticiasdelparana.com.ar\/NuevaEdicion\/?p=363499"},"modified":"2026-04-30T09:37:43","modified_gmt":"2026-04-30T12:37:43","slug":"chaco-milena-ayala-representara-a-chaco-en-egipto-ante-a-las-grandes-potencias-de-la-disciplina","status":"publish","type":"post","link":"http:\/\/www.noticiasdelparana.com.ar\/NuevaEdicion\/2026\/04\/30\/chaco-milena-ayala-representara-a-chaco-en-egipto-ante-a-las-grandes-potencias-de-la-disciplina\/","title":{"rendered":"CHACO: Milena Ayala Representar\u00e1 A Chaco En Egipto, Ante A Las Grandes Potencias De La Disciplina"},"content":{"rendered":"\n<p>La joven atleta llega al certamen tras consolidarse como una de las grandes promesas del pa\u00eds: es campeona sudamericana en categor\u00edas formativas, m\u00faltiple campeona nacional, recordista argentina y fue reconocida como Deportista del A\u00f1o en Chaco.<\/p>\n\n\n\n<p>Su clasificaci\u00f3n al Mundial la consigui\u00f3 por marca en el Campeonato Nacional Absoluto 2025, ratificando su crecimiento competitivo y gan\u00e1ndose un lugar entre la \u00e9lite internacional.<\/p>\n\n\n\n<p>En Egipto afrontar\u00e1 uno de los mayores desaf\u00edos de su carrera al medirse con competidoras de China, Armenia, Turqu\u00eda, Rusia, Venezuela y Uzbekist\u00e1n.<\/p>\n\n\n\n<p>Con grandes expectativas, Milena buscar\u00e1 dejar a Chaco entre las mejores del mundo en una cita hist\u00f3rica para su carrera.<\/p>\n","protected":false},"excerpt":{"rendered":"<p>30-Abr-26 La chaque\u00f1a Milena Ayala representar\u00e1 a Chaco y a la Argentina en el Mundial de Levantamiento Ol\u00edmpico de Pesas que se disputar\u00e1 en Egipto, donde debutar\u00e1 el pr\u00f3ximo 5 de mayo frente a las grandes potencias de la disciplina.<\/p>\n","protected":false},"author":4,"featured_media":363500,"comment_status":"closed","ping_status":"closed","sticky":false,"template":"","format":"standard","meta":[],"categories":[98],"tags":[],"_links":{"self":[{"href":"http:\/\/www.noticiasdelparana.com.ar\/NuevaEdicion\/wp-json\/wp\/v2\/posts\/363499"}],"collection":[{"href":"http:\/\/www.noticiasdelparana.com.ar\/NuevaEdicion\/wp-json\/wp\/v2\/posts"}],"about":[{"href":"http:\/\/www.noticiasdelparana.com.ar\/NuevaEdicion\/wp-json\/wp\/v2\/types\/post"}],"author":[{"embeddable":true,"href":"http:\/\/www.noticiasdelparana.com.ar\/NuevaEdicion\/wp-json\/wp\/v2\/users\/4"}],"replies":[{"embeddable":true,"href":"http:\/\/www.noticiasdelparana.com.ar\/NuevaEdicion\/wp-json\/wp\/v2\/comments?post=363499"}],"version-history":[{"count":1,"href":"http:\/\/www.noticiasdelparana.com.ar\/NuevaEdicion\/wp-json\/wp\/v2\/posts\/363499\/revisions"}],"predecessor-version":[{"id":363501,"href":"http:\/\/www.noticiasdelparana.com.ar\/NuevaEdicion\/wp-json\/wp\/v2\/posts\/363499\/revisions\/363501"}],"wp:featuredmedia":[{"embeddable":true,"href":"http:\/\/www.noticiasdelparana.com.ar\/NuevaEdicion\/wp-json\/wp\/v2\/media\/363500"}],"wp:attachment":[{"href":"http:\/\/www.noticiasdelparana.com.ar\/NuevaEdicion\/wp-json\/wp\/v2\/media?parent=363499"}],"wp:term":[{"taxonomy":"category","embeddable":true,"href":"http:\/\/www.noticiasdelparana.com.ar\/NuevaEdicion\/wp-json\/wp\/v2\/categories?post=363499"},{"taxonomy":"post_tag","embeddable":true,"href":"http:\/\/www.noticiasdelparana.com.ar\/NuevaEdicion\/wp-json\/wp\/v2\/tags?post=363499"}],"curies":[{"name":"wp","href":"https:\/\/api.w.org\/{rel}","templated":true}]}}