{"id":363504,"date":"2026-04-30T10:04:13","date_gmt":"2026-04-30T13:04:13","guid":{"rendered":"http:\/\/www.noticiasdelparana.com.ar\/NuevaEdicion\/?p=363504"},"modified":"2026-04-30T10:04:16","modified_gmt":"2026-04-30T13:04:16","slug":"chaco-se-inicio-el-periodo-de-tachas-para-docentes-de-nivel-primario-inscriptos-en-interinatos-y-suplencias","status":"publish","type":"post","link":"http:\/\/www.noticiasdelparana.com.ar\/NuevaEdicion\/2026\/04\/30\/chaco-se-inicio-el-periodo-de-tachas-para-docentes-de-nivel-primario-inscriptos-en-interinatos-y-suplencias\/","title":{"rendered":"CHACO: Se Inici\u00f3 El Per\u00edodo De Tachas Para Docentes De Nivel Primario Inscriptos En Interinatos Y Suplencias"},"content":{"rendered":"\n<p>Correspondientes a las Regiones Educativas 1 a 10, inform\u00f3 que desde este mi\u00e9rcoles 29 de abril y por el t\u00e9rmino de 10 d\u00edas h\u00e1biles se lleva adelante el per\u00edodo de tachas para los docentes inscriptos en el per\u00edodo extraordinario de interinatos y suplencias 2026.<\/p>\n\n\n\n<p>Durante este plazo, los aspirantes podr\u00e1n verificar y, en caso de ser necesario, solicitar correcciones en las listas provisorias correspondientes a maestros de grado y de materias especiales.<\/p>\n\n\n\n<p>Las listas se encuentran disponibles en la plataforma Tu Gobierno Digital, a trav\u00e9s de la aplicaci\u00f3n SIE, ingresando al men\u00fa: Juntas -Listados vigentes.<\/p>\n\n\n\n<p>Para mayor informaci\u00f3n o consultas, los interesados pueden dirigirse a:<\/p>\n\n\n\n<p>-Sede Resistencia: Gobernador Bosch N\u00b0 99, Nave 1, de 7:30 a 13:00.<\/p>\n\n\n\n<p>&nbsp;-Correo electr\u00f3nico: jprciameccyt@gmail.com<\/p>\n\n\n\n<p>-Tel\u00e9fono: 3624 453015<\/p>\n\n\n\n<p>-Sede S\u00e1enz Pe\u00f1a: Chacabuco N\u00b0 310 (planta baja, calle 5 esquina 8), de 7:00 a 15:00.<\/p>\n\n\n\n<p>-Correo electr\u00f3nico: juntaprimariasp@gmail.com<\/p>\n\n\n\n<p>-Tel\u00e9fono: 3644 549053<\/p>\n\n\n\n<p>El Ministerio recuerda la importancia de este per\u00edodo, ya que permite garantizar la correcta conformaci\u00f3n de los listados definitivos para la cobertura de cargos docentes en toda la provincia.<\/p>\n","protected":false},"excerpt":{"rendered":"<p>30-Abr-26  El Ministerio de Educaci\u00f3n, a trav\u00e9s de las Juntas de Clasificaci\u00f3n de Nivel Primario con sedes en Resistencia y Presidencia Roque S\u00e1enz Pe\u00f1a<\/p>\n","protected":false},"author":3,"featured_media":359121,"comment_status":"closed","ping_status":"closed","sticky":false,"template":"","format":"standard","meta":[],"categories":[98],"tags":[],"_links":{"self":[{"href":"http:\/\/www.noticiasdelparana.com.ar\/NuevaEdicion\/wp-json\/wp\/v2\/posts\/363504"}],"collection":[{"href":"http:\/\/www.noticiasdelparana.com.ar\/NuevaEdicion\/wp-json\/wp\/v2\/posts"}],"about":[{"href":"http:\/\/www.noticiasdelparana.com.ar\/NuevaEdicion\/wp-json\/wp\/v2\/types\/post"}],"author":[{"embeddable":true,"href":"http:\/\/www.noticiasdelparana.com.ar\/NuevaEdicion\/wp-json\/wp\/v2\/users\/3"}],"replies":[{"embeddable":true,"href":"http:\/\/www.noticiasdelparana.com.ar\/NuevaEdicion\/wp-json\/wp\/v2\/comments?post=363504"}],"version-history":[{"count":1,"href":"http:\/\/www.noticiasdelparana.com.ar\/NuevaEdicion\/wp-json\/wp\/v2\/posts\/363504\/revisions"}],"predecessor-version":[{"id":363505,"href":"http:\/\/www.noticiasdelparana.com.ar\/NuevaEdicion\/wp-json\/wp\/v2\/posts\/363504\/revisions\/363505"}],"wp:featuredmedia":[{"embeddable":true,"href":"http:\/\/www.noticiasdelparana.com.ar\/NuevaEdicion\/wp-json\/wp\/v2\/media\/359121"}],"wp:attachment":[{"href":"http:\/\/www.noticiasdelparana.com.ar\/NuevaEdicion\/wp-json\/wp\/v2\/media?parent=363504"}],"wp:term":[{"taxonomy":"category","embeddable":true,"href":"http:\/\/www.noticiasdelparana.com.ar\/NuevaEdicion\/wp-json\/wp\/v2\/categories?post=363504"},{"taxonomy":"post_tag","embeddable":true,"href":"http:\/\/www.noticiasdelparana.com.ar\/NuevaEdicion\/wp-json\/wp\/v2\/tags?post=363504"}],"curies":[{"name":"wp","href":"https:\/\/api.w.org\/{rel}","templated":true}]}}