{"id":363517,"date":"2026-04-30T11:38:59","date_gmt":"2026-04-30T14:38:59","guid":{"rendered":"http:\/\/www.noticiasdelparana.com.ar\/NuevaEdicion\/?p=363517"},"modified":"2026-04-30T11:39:02","modified_gmt":"2026-04-30T14:39:02","slug":"chaco-deporte-e-inclusion-finalizo-la-liga-metropolitana-de-newcom-en-el-jaime-zapata","status":"publish","type":"post","link":"http:\/\/www.noticiasdelparana.com.ar\/NuevaEdicion\/2026\/04\/30\/chaco-deporte-e-inclusion-finalizo-la-liga-metropolitana-de-newcom-en-el-jaime-zapata\/","title":{"rendered":"CHACO: Deporte E Inclusi\u00f3n: Finaliz\u00f3 La Liga Metropolitana De Newcom En El Jaime Zapata"},"content":{"rendered":"\n<p>Las finales se disputaron en el microestadio del polideportivo Jaime Zapata, en Resistencia, donde se vivi\u00f3 una jornada cargada de emoci\u00f3n y compa\u00f1erismo. La bienvenida estuvo a cargo del vicepresidente del Instituto del Deporte Chaque\u00f1o, profesor Gabriel Pellegrini.<\/p>\n\n\n\n<p>Al finalizar la competencia, se realiz\u00f3 la entrega de premios a los equipos destacados, adem\u00e1s de la distribuci\u00f3n de elementos deportivos como parte del acompa\u00f1amiento institucional a la disciplina.<\/p>\n\n\n\n<p>GANADORES<\/p>\n\n\n\n<p>Categor\u00eda +50<\/p>\n\n\n\n<p>1\u00b0 Aguar\u00e1<\/p>\n\n\n\n<p>2\u00b0 CEF 23 de Margarita Bel\u00e9n.<\/p>\n\n\n\n<p>Categor\u00eda +60<\/p>\n\n\n\n<p>1\u00b0 Resistencia<\/p>\n\n\n\n<p>2\u00b0 Trascender<\/p>\n\n\n\n<p>Desde la organizaci\u00f3n destacaron que el objetivo principal de la liga fue promover la sana competencia, la integraci\u00f3n y la participaci\u00f3n activa de adultos mayores en espacios deportivos, fortaleciendo valores como el compa\u00f1erismo, el respeto y la vida saludable.<\/p>\n","protected":false},"excerpt":{"rendered":"<p>30-Abr-26 Con una amplia participaci\u00f3n y un fuerte esp\u00edritu de inclusi\u00f3n, se llev\u00f3 a cabo el cierre de la Liga Metropolitana de Newcom, organizada por el Instituto del Deporte Chaque\u00f1o a trav\u00e9s del \u00e1rea de Deportes Comunitarios. El certamen reuni\u00f3 a m\u00e1s de 60 equipos en las categor\u00edas +50 mixto y +60 mixto.<\/p>\n","protected":false},"author":4,"featured_media":363519,"comment_status":"closed","ping_status":"closed","sticky":false,"template":"","format":"standard","meta":[],"categories":[98],"tags":[],"_links":{"self":[{"href":"http:\/\/www.noticiasdelparana.com.ar\/NuevaEdicion\/wp-json\/wp\/v2\/posts\/363517"}],"collection":[{"href":"http:\/\/www.noticiasdelparana.com.ar\/NuevaEdicion\/wp-json\/wp\/v2\/posts"}],"about":[{"href":"http:\/\/www.noticiasdelparana.com.ar\/NuevaEdicion\/wp-json\/wp\/v2\/types\/post"}],"author":[{"embeddable":true,"href":"http:\/\/www.noticiasdelparana.com.ar\/NuevaEdicion\/wp-json\/wp\/v2\/users\/4"}],"replies":[{"embeddable":true,"href":"http:\/\/www.noticiasdelparana.com.ar\/NuevaEdicion\/wp-json\/wp\/v2\/comments?post=363517"}],"version-history":[{"count":1,"href":"http:\/\/www.noticiasdelparana.com.ar\/NuevaEdicion\/wp-json\/wp\/v2\/posts\/363517\/revisions"}],"predecessor-version":[{"id":363520,"href":"http:\/\/www.noticiasdelparana.com.ar\/NuevaEdicion\/wp-json\/wp\/v2\/posts\/363517\/revisions\/363520"}],"wp:featuredmedia":[{"embeddable":true,"href":"http:\/\/www.noticiasdelparana.com.ar\/NuevaEdicion\/wp-json\/wp\/v2\/media\/363519"}],"wp:attachment":[{"href":"http:\/\/www.noticiasdelparana.com.ar\/NuevaEdicion\/wp-json\/wp\/v2\/media?parent=363517"}],"wp:term":[{"taxonomy":"category","embeddable":true,"href":"http:\/\/www.noticiasdelparana.com.ar\/NuevaEdicion\/wp-json\/wp\/v2\/categories?post=363517"},{"taxonomy":"post_tag","embeddable":true,"href":"http:\/\/www.noticiasdelparana.com.ar\/NuevaEdicion\/wp-json\/wp\/v2\/tags?post=363517"}],"curies":[{"name":"wp","href":"https:\/\/api.w.org\/{rel}","templated":true}]}}