{"id":363521,"date":"2026-04-30T11:57:27","date_gmt":"2026-04-30T14:57:27","guid":{"rendered":"http:\/\/www.noticiasdelparana.com.ar\/NuevaEdicion\/?p=363521"},"modified":"2026-04-30T11:57:29","modified_gmt":"2026-04-30T14:57:29","slug":"chaco-crimen-de-jonathan-romero-liberaron-a-dos-de-los-detenidos","status":"publish","type":"post","link":"http:\/\/www.noticiasdelparana.com.ar\/NuevaEdicion\/2026\/04\/30\/chaco-crimen-de-jonathan-romero-liberaron-a-dos-de-los-detenidos\/","title":{"rendered":"CHACO:  Crimen De Jonathan Romero: Liberaron A Dos De Los Detenidos"},"content":{"rendered":"\n<p>Familiares y amigos de Jonathan Romero se manifestaron frente a las Fiscal\u00edas de Investigaci\u00f3n Penal.<\/p>\n\n\n\n<p>La causa contin\u00faa en manos de la fiscal Ana Gonz\u00e1lez de Pacce, quien define nuevas medidas en una investigaci\u00f3n que sigue sumando novedades.<\/p>\n\n\n\n<p>Como se preve\u00eda, ayer por la tarde, la fiscal orden\u00f3 la libertad por falta de m\u00e9rito de Cristian Pared, identificado como el portero en la fiesta de cumplea\u00f1os donde asesinaron a Jonathan Romero.&nbsp; Adem\u00e1s hoy qued\u00f3 en libertad Marco Antonio Escalante, el conductor de la camioneta con la que Dami\u00e1n Escalante escap\u00f3 de la fiesta. No obstante, NORTE pudo saber que Escalante se encuentra imputado por encubrimiento agravado pero al no tener antecedentes se encuentra en libertad. Asimismo, ambos sujetos quedan de igual manera afectados a la causa y pueden ser nuevamente requeridos por la justicia.<\/p>\n\n\n\n<p>En tanto, ayer la fiscal\u00eda dict\u00f3 la prisi\u00f3n preventiva para Dami\u00e1n Escalante y su madre Roc\u00edo Pauluk. Escalante es el principal imputado. Est\u00e1 acusado como presunto autor del homicidio agravado por el uso de arma de fuego.<\/p>\n\n\n\n<p>Fuente: DiarioNorte<\/p>\n","protected":false},"excerpt":{"rendered":"<p>29-Abr-26 Ayer finalmente fue liberado por falta de m\u00e9rito Cristian Pared, identificado como el portero vinculado a la causa. Adem\u00e1s hoy qued\u00f3 en libertad Marco Antonio Escalante, el conductor de la camioneta con la que Dami\u00e1n Escalante escap\u00f3 de la fiesta.<\/p>\n","protected":false},"author":3,"featured_media":363522,"comment_status":"closed","ping_status":"closed","sticky":false,"template":"","format":"standard","meta":[],"categories":[98],"tags":[],"_links":{"self":[{"href":"http:\/\/www.noticiasdelparana.com.ar\/NuevaEdicion\/wp-json\/wp\/v2\/posts\/363521"}],"collection":[{"href":"http:\/\/www.noticiasdelparana.com.ar\/NuevaEdicion\/wp-json\/wp\/v2\/posts"}],"about":[{"href":"http:\/\/www.noticiasdelparana.com.ar\/NuevaEdicion\/wp-json\/wp\/v2\/types\/post"}],"author":[{"embeddable":true,"href":"http:\/\/www.noticiasdelparana.com.ar\/NuevaEdicion\/wp-json\/wp\/v2\/users\/3"}],"replies":[{"embeddable":true,"href":"http:\/\/www.noticiasdelparana.com.ar\/NuevaEdicion\/wp-json\/wp\/v2\/comments?post=363521"}],"version-history":[{"count":1,"href":"http:\/\/www.noticiasdelparana.com.ar\/NuevaEdicion\/wp-json\/wp\/v2\/posts\/363521\/revisions"}],"predecessor-version":[{"id":363523,"href":"http:\/\/www.noticiasdelparana.com.ar\/NuevaEdicion\/wp-json\/wp\/v2\/posts\/363521\/revisions\/363523"}],"wp:featuredmedia":[{"embeddable":true,"href":"http:\/\/www.noticiasdelparana.com.ar\/NuevaEdicion\/wp-json\/wp\/v2\/media\/363522"}],"wp:attachment":[{"href":"http:\/\/www.noticiasdelparana.com.ar\/NuevaEdicion\/wp-json\/wp\/v2\/media?parent=363521"}],"wp:term":[{"taxonomy":"category","embeddable":true,"href":"http:\/\/www.noticiasdelparana.com.ar\/NuevaEdicion\/wp-json\/wp\/v2\/categories?post=363521"},{"taxonomy":"post_tag","embeddable":true,"href":"http:\/\/www.noticiasdelparana.com.ar\/NuevaEdicion\/wp-json\/wp\/v2\/tags?post=363521"}],"curies":[{"name":"wp","href":"https:\/\/api.w.org\/{rel}","templated":true}]}}