{"id":363531,"date":"2026-04-30T17:12:08","date_gmt":"2026-04-30T20:12:08","guid":{"rendered":"http:\/\/www.noticiasdelparana.com.ar\/NuevaEdicion\/?p=363531"},"modified":"2026-04-30T17:12:13","modified_gmt":"2026-04-30T20:12:13","slug":"resistencia-docentes-de-fadycc-realizaran-un-taller-de-fotografia","status":"publish","type":"post","link":"http:\/\/www.noticiasdelparana.com.ar\/NuevaEdicion\/2026\/04\/30\/resistencia-docentes-de-fadycc-realizaran-un-taller-de-fotografia\/","title":{"rendered":"RESISTENCIA:  Docentes de FADyCC Realizar\u00e1n Un Taller De Fotograf\u00eda"},"content":{"rendered":"\n<p>La propuesta cuenta con el apoyo del Instituto de Cultura del Chaco y es con cupos limitados.<\/p>\n\n\n\n<p>El taller ser\u00e1 dictado por los docentes H\u00e9ctor Pedro Ram\u00edrez y Mercedes Vivero Barrios. \u201cCapturando la Memoria\u201d es organizado por la Universidad Nacional del Nordeste y la Facultad de Artes, Dise\u00f1o y Ciencias de la Cultura (FADyCC) a trav\u00e9s del Grupo de Investigaci\u00f3n Gepac Nea, dirigido por la arquitecta Luciana Sudar Klappenbach, las c\u00e1tedras \u201cTaller de Pr\u00e1ctica III. Identificaci\u00f3n y catalogaci\u00f3n de bienes culturales\u201d, y \u201cFotograf\u00eda\u201d, ambas de dicha casa de estudios.<\/p>\n","protected":false},"excerpt":{"rendered":"<p>30-Abr-26  El lunes 4 de mayo, de 15 a 18, se realizar\u00e1 el taller de fotograf\u00eda \u201cCapturando la Memoria\u201d en el Museo Malvinas Chaco (Av. Alberdi 2100). <\/p>\n","protected":false},"author":3,"featured_media":363532,"comment_status":"closed","ping_status":"closed","sticky":false,"template":"","format":"standard","meta":[],"categories":[105],"tags":[],"_links":{"self":[{"href":"http:\/\/www.noticiasdelparana.com.ar\/NuevaEdicion\/wp-json\/wp\/v2\/posts\/363531"}],"collection":[{"href":"http:\/\/www.noticiasdelparana.com.ar\/NuevaEdicion\/wp-json\/wp\/v2\/posts"}],"about":[{"href":"http:\/\/www.noticiasdelparana.com.ar\/NuevaEdicion\/wp-json\/wp\/v2\/types\/post"}],"author":[{"embeddable":true,"href":"http:\/\/www.noticiasdelparana.com.ar\/NuevaEdicion\/wp-json\/wp\/v2\/users\/3"}],"replies":[{"embeddable":true,"href":"http:\/\/www.noticiasdelparana.com.ar\/NuevaEdicion\/wp-json\/wp\/v2\/comments?post=363531"}],"version-history":[{"count":1,"href":"http:\/\/www.noticiasdelparana.com.ar\/NuevaEdicion\/wp-json\/wp\/v2\/posts\/363531\/revisions"}],"predecessor-version":[{"id":363533,"href":"http:\/\/www.noticiasdelparana.com.ar\/NuevaEdicion\/wp-json\/wp\/v2\/posts\/363531\/revisions\/363533"}],"wp:featuredmedia":[{"embeddable":true,"href":"http:\/\/www.noticiasdelparana.com.ar\/NuevaEdicion\/wp-json\/wp\/v2\/media\/363532"}],"wp:attachment":[{"href":"http:\/\/www.noticiasdelparana.com.ar\/NuevaEdicion\/wp-json\/wp\/v2\/media?parent=363531"}],"wp:term":[{"taxonomy":"category","embeddable":true,"href":"http:\/\/www.noticiasdelparana.com.ar\/NuevaEdicion\/wp-json\/wp\/v2\/categories?post=363531"},{"taxonomy":"post_tag","embeddable":true,"href":"http:\/\/www.noticiasdelparana.com.ar\/NuevaEdicion\/wp-json\/wp\/v2\/tags?post=363531"}],"curies":[{"name":"wp","href":"https:\/\/api.w.org\/{rel}","templated":true}]}}