{"id":363537,"date":"2026-04-30T17:16:19","date_gmt":"2026-04-30T20:16:19","guid":{"rendered":"http:\/\/www.noticiasdelparana.com.ar\/NuevaEdicion\/?p=363537"},"modified":"2026-04-30T17:16:40","modified_gmt":"2026-04-30T20:16:40","slug":"resistencia-el-museo-de-medios-abre-inscripciones-a-nuevos-talleres-de-formacion","status":"publish","type":"post","link":"http:\/\/www.noticiasdelparana.com.ar\/NuevaEdicion\/2026\/04\/30\/resistencia-el-museo-de-medios-abre-inscripciones-a-nuevos-talleres-de-formacion\/","title":{"rendered":"RESISTENCIA:  El Museo De Medios Abre Inscripciones A Nuevos Talleres De Formaci\u00f3n"},"content":{"rendered":"\n<p>Orientada a fortalecer la producci\u00f3n cultural y el desarrollo de lenguajes contempor\u00e1neos vinculados a la comunicaci\u00f3n, la imagen y el audiovisual, la convocatoria incluye tres propuestas formativas que abordan distintos campos de la creaci\u00f3n:<\/p>\n\n\n\n<p>Ideas para presentar al INCAA Desarrollo de Proyecto Audiovisual<\/p>\n\n\n\n<p>Este taller ser\u00e1 dictado por Roly Ruiz y Arturo Fabiani, y est\u00e1 orientado a realizadores audiovisuales emergentes, estudiantes, guionistas y productores con proyectos en desarrollo.<\/p>\n\n\n\n<p>La propuesta apunta a brindar herramientas concretas para transformar una idea en una carpeta de proyecto s\u00f3lida, acorde a los est\u00e1ndares t\u00e9cnicos, narrativos y legales requeridos por convocatorias de fomento y la industria audiovisual.<\/p>\n\n\n\n<p>Se desarrollar\u00e1 en modalidad virtual, a lo largo de cuatro encuentros de dos horas, abordando contenidos como construcci\u00f3n narrativa (logline, sinopsis y guion); desarrollo de la mirada autoral y propuesta est\u00e9tica; aspectos legales y derechos de autor; dise\u00f1o de presupuesto y viabilidad del proyecto.<\/p>\n\n\n\n<p>La modalidad ser\u00e1 virtual con 4 encuentros de 2 horas.<\/p>\n\n\n\n<p>Inicio al completar el cupo.&nbsp;<\/p>\n\n\n\n<p>Fotograf\u00eda B\u00e1sica con Celular \u2013 3\u00b0 edici\u00f3n<\/p>\n\n\n\n<p>Vuelve uno de los talleres m\u00e1s convocantes, orientado a introducir a los participantes en el uso del celular como herramienta de producci\u00f3n fotogr\u00e1fica; a cargo del dise\u00f1ador gr\u00e1fico Facundo Ortigoza.<\/p>\n\n\n\n<p>La propuesta aborda nociones b\u00e1sicas de fotograf\u00eda, composici\u00f3n, luz y mirada, promoviendo el desarrollo de criterios visuales para producir im\u00e1genes con intenci\u00f3n y calidad, utilizando recursos accesibles.<\/p>\n\n\n\n<p>Est\u00e1 dirigido a p\u00fablico general, sin necesidad de conocimientos previos. Inicia el mi\u00e9rcoles 13 de mayo a partir de las 14:30<\/p>\n\n\n\n<p>Afichismo Simb\u00f3lico \u2013 2\u00b0 edici\u00f3n<\/p>\n\n\n\n<p>El taller estar\u00e1 a cargo del dise\u00f1ador gr\u00e1fico Facundo Ortigoza, y propone trabajar el afiche como un dispositivo de construcci\u00f3n simb\u00f3lica y comunicacional.<\/p>\n\n\n\n<p>A trav\u00e9s del an\u00e1lisis y la producci\u00f3n, se invita a explorar c\u00f3mo la imagen construye sentido mediante el uso de s\u00edmbolos, met\u00e1foras visuales y decisiones formales. La propuesta combina instancias te\u00f3ricas y pr\u00e1cticas, promoviendo el desarrollo de una pieza propia a partir de los intereses de cada participante.<\/p>\n\n\n\n<p>Est\u00e1 dirigido a estudiantes, artistas, dise\u00f1adores y p\u00fablico interesado en la cultura visual. No se requieren conocimientos previos.<\/p>\n\n\n\n<p>Inicia el jueves 14 de mayo a las 14:30.<\/p>\n\n\n\n<p>Las propuestas forman parte de una l\u00ednea de formaci\u00f3n impulsada por el museo, orientada a acompa\u00f1ar procesos creativos y fortalecer la producci\u00f3n cultural local.<\/p>\n\n\n\n<p>Inscripciones abiertas por correo electr\u00f3nico: museodemedioschaco@gmail.com<\/p>\n","protected":false},"excerpt":{"rendered":"<p> 30-Abr-26   El Museo de Medios de Comunicaci\u00f3n \u201cRa\u00fal D. Berneri\u201d (Pellegrini 213) dependiente del Instituto de Cultura del Chaco anuncia la apertura de inscripciones a una nueva propuesta de talleres para el mes de mayo<\/p>\n","protected":false},"author":3,"featured_media":363538,"comment_status":"closed","ping_status":"closed","sticky":false,"template":"","format":"standard","meta":[],"categories":[105],"tags":[],"_links":{"self":[{"href":"http:\/\/www.noticiasdelparana.com.ar\/NuevaEdicion\/wp-json\/wp\/v2\/posts\/363537"}],"collection":[{"href":"http:\/\/www.noticiasdelparana.com.ar\/NuevaEdicion\/wp-json\/wp\/v2\/posts"}],"about":[{"href":"http:\/\/www.noticiasdelparana.com.ar\/NuevaEdicion\/wp-json\/wp\/v2\/types\/post"}],"author":[{"embeddable":true,"href":"http:\/\/www.noticiasdelparana.com.ar\/NuevaEdicion\/wp-json\/wp\/v2\/users\/3"}],"replies":[{"embeddable":true,"href":"http:\/\/www.noticiasdelparana.com.ar\/NuevaEdicion\/wp-json\/wp\/v2\/comments?post=363537"}],"version-history":[{"count":1,"href":"http:\/\/www.noticiasdelparana.com.ar\/NuevaEdicion\/wp-json\/wp\/v2\/posts\/363537\/revisions"}],"predecessor-version":[{"id":363539,"href":"http:\/\/www.noticiasdelparana.com.ar\/NuevaEdicion\/wp-json\/wp\/v2\/posts\/363537\/revisions\/363539"}],"wp:featuredmedia":[{"embeddable":true,"href":"http:\/\/www.noticiasdelparana.com.ar\/NuevaEdicion\/wp-json\/wp\/v2\/media\/363538"}],"wp:attachment":[{"href":"http:\/\/www.noticiasdelparana.com.ar\/NuevaEdicion\/wp-json\/wp\/v2\/media?parent=363537"}],"wp:term":[{"taxonomy":"category","embeddable":true,"href":"http:\/\/www.noticiasdelparana.com.ar\/NuevaEdicion\/wp-json\/wp\/v2\/categories?post=363537"},{"taxonomy":"post_tag","embeddable":true,"href":"http:\/\/www.noticiasdelparana.com.ar\/NuevaEdicion\/wp-json\/wp\/v2\/tags?post=363537"}],"curies":[{"name":"wp","href":"https:\/\/api.w.org\/{rel}","templated":true}]}}