{"id":363540,"date":"2026-04-30T19:32:42","date_gmt":"2026-04-30T22:32:42","guid":{"rendered":"http:\/\/www.noticiasdelparana.com.ar\/NuevaEdicion\/?p=363540"},"modified":"2026-04-30T19:32:46","modified_gmt":"2026-04-30T22:32:46","slug":"resistencia-chicos-del-jardin-de-infantes-n50-recibieron-asistencia-del-programa-muna","status":"publish","type":"post","link":"http:\/\/www.noticiasdelparana.com.ar\/NuevaEdicion\/2026\/04\/30\/resistencia-chicos-del-jardin-de-infantes-n50-recibieron-asistencia-del-programa-muna\/","title":{"rendered":"RESISTENCIA:     Chicos Del Jard\u00edn De Infantes N\u00b050 Recibieron Asistencia Del Programa Muna"},"content":{"rendered":"\n<p>Ubicado al lado de la Escuela Primaria N\u00b0 169 \u201cR\u00f3mulo Zabala\u201d y de vasta trayectoria en la formaci\u00f3n de los peque\u00f1os, profesionales de la salud atendieron a la poblaci\u00f3n infantil con estudios como ser controles de talla y peso, oftalmol\u00f3gicos y odontol\u00f3gicos, entre otros.<\/p>\n\n\n\n<p>Virginia Salom\u00f3n, directora del establecimiento educativo de nivel inicial, explic\u00f3 que esta iniciativa surgi\u00f3 de un proyecto a nivel institucional.&nbsp;<\/p>\n\n\n\n<p>\u201cEstoy agradecida porque es un servicio que brinda consultorio odontol\u00f3gico, adem\u00e1s de especialistas como la parte audiovisual para las infancias de mi comunidad\u201d, dijo, en alusi\u00f3n a que al Jard\u00edn de Infantes asisten ni\u00f1os de barrios como ser Villa Universidad, barrios Payk\u00edn, Santa Catalina, Villa Gonzalito, Villa Prosperidad y Villa San Mart\u00edn.<\/p>\n\n\n\n<p>La doctora Carola Cabrera, por su parte, se\u00f1al\u00f3 con el equipo de salud del Municipio se efect\u00faa un \u201ccontrol sano, como venimos haciendo durante todo este periodo para la entrega de certificados de buena salud, de la parte de odontolog\u00eda, control de vacunas y aplicaci\u00f3n, m\u00e1s asesoramiento nutricional.<\/p>\n","protected":false},"excerpt":{"rendered":"<p>30-Abr-26  El Jard\u00edn de Infantes N\u00b0 50 \u201cMar\u00eda Ang\u00e9lica Bagattoli\u201d fue sede de una nueva presentaci\u00f3n del programa MUNA (Municipios Unidos por la Ni\u00f1ez y Adolescencia) que lleva adelante la comuna de Resistencia.<\/p>\n","protected":false},"author":3,"featured_media":363541,"comment_status":"closed","ping_status":"closed","sticky":false,"template":"","format":"standard","meta":[],"categories":[102],"tags":[],"_links":{"self":[{"href":"http:\/\/www.noticiasdelparana.com.ar\/NuevaEdicion\/wp-json\/wp\/v2\/posts\/363540"}],"collection":[{"href":"http:\/\/www.noticiasdelparana.com.ar\/NuevaEdicion\/wp-json\/wp\/v2\/posts"}],"about":[{"href":"http:\/\/www.noticiasdelparana.com.ar\/NuevaEdicion\/wp-json\/wp\/v2\/types\/post"}],"author":[{"embeddable":true,"href":"http:\/\/www.noticiasdelparana.com.ar\/NuevaEdicion\/wp-json\/wp\/v2\/users\/3"}],"replies":[{"embeddable":true,"href":"http:\/\/www.noticiasdelparana.com.ar\/NuevaEdicion\/wp-json\/wp\/v2\/comments?post=363540"}],"version-history":[{"count":1,"href":"http:\/\/www.noticiasdelparana.com.ar\/NuevaEdicion\/wp-json\/wp\/v2\/posts\/363540\/revisions"}],"predecessor-version":[{"id":363542,"href":"http:\/\/www.noticiasdelparana.com.ar\/NuevaEdicion\/wp-json\/wp\/v2\/posts\/363540\/revisions\/363542"}],"wp:featuredmedia":[{"embeddable":true,"href":"http:\/\/www.noticiasdelparana.com.ar\/NuevaEdicion\/wp-json\/wp\/v2\/media\/363541"}],"wp:attachment":[{"href":"http:\/\/www.noticiasdelparana.com.ar\/NuevaEdicion\/wp-json\/wp\/v2\/media?parent=363540"}],"wp:term":[{"taxonomy":"category","embeddable":true,"href":"http:\/\/www.noticiasdelparana.com.ar\/NuevaEdicion\/wp-json\/wp\/v2\/categories?post=363540"},{"taxonomy":"post_tag","embeddable":true,"href":"http:\/\/www.noticiasdelparana.com.ar\/NuevaEdicion\/wp-json\/wp\/v2\/tags?post=363540"}],"curies":[{"name":"wp","href":"https:\/\/api.w.org\/{rel}","templated":true}]}}