{"id":363545,"date":"2026-04-30T19:38:34","date_gmt":"2026-04-30T22:38:34","guid":{"rendered":"http:\/\/www.noticiasdelparana.com.ar\/NuevaEdicion\/?p=363545"},"modified":"2026-04-30T19:38:53","modified_gmt":"2026-04-30T22:38:53","slug":"un-joven-por-el-robo-de-una-motocicleta","status":"publish","type":"post","link":"http:\/\/www.noticiasdelparana.com.ar\/NuevaEdicion\/2026\/04\/30\/un-joven-por-el-robo-de-una-motocicleta\/","title":{"rendered":"RESISTENCIA: Detuvieron A Un Joven Por El Robo De Una Motocicleta"},"content":{"rendered":"\n<p>Esta siesta, personal de la Comisar\u00eda Segunda capital logr\u00f3 recuperar una motocicleta que habr\u00eda sido sustra\u00edda d\u00edas atr\u00e1s desde la vereda de un edificio.<\/p>\n\n\n\n<p>El procedimiento tuvo lugar, en base a una denuncia radicada por un hombre el pasado 25 del corriente mes, donde manifest\u00f3 que personas desconocidas se llevaron su motocicleta marca Mondial, desde la vereda de un edificio ubicado por avenida Avalos al 350 aproximadamente.<\/p>\n\n\n\n<p>Tras tareas investigativas, y el an\u00e1lisis de c\u00e1maras de seguridad de la zona, los agentes identificaron a los presuntos autores. Es as\u00ed que hoy, alrededor de las 13, los Agentes del servicio externo demoraron a uno sujeto de 23 a\u00f1os.<\/p>\n\n\n\n<p>El joven fue trasladado a la dependencia policial y notificado de su aprehensi\u00f3n en la causa supuesto robo. Asimismo contin\u00faan con las diligencias a fin de dar con el bien denunciado.<\/p>\n","protected":false},"excerpt":{"rendered":"<p>30-Abr-26 Contin\u00faan con las tareas a fin de dar con la moto denunciada<\/p>\n","protected":false},"author":3,"featured_media":363548,"comment_status":"closed","ping_status":"closed","sticky":false,"template":"","format":"standard","meta":[],"categories":[103],"tags":[],"_links":{"self":[{"href":"http:\/\/www.noticiasdelparana.com.ar\/NuevaEdicion\/wp-json\/wp\/v2\/posts\/363545"}],"collection":[{"href":"http:\/\/www.noticiasdelparana.com.ar\/NuevaEdicion\/wp-json\/wp\/v2\/posts"}],"about":[{"href":"http:\/\/www.noticiasdelparana.com.ar\/NuevaEdicion\/wp-json\/wp\/v2\/types\/post"}],"author":[{"embeddable":true,"href":"http:\/\/www.noticiasdelparana.com.ar\/NuevaEdicion\/wp-json\/wp\/v2\/users\/3"}],"replies":[{"embeddable":true,"href":"http:\/\/www.noticiasdelparana.com.ar\/NuevaEdicion\/wp-json\/wp\/v2\/comments?post=363545"}],"version-history":[{"count":2,"href":"http:\/\/www.noticiasdelparana.com.ar\/NuevaEdicion\/wp-json\/wp\/v2\/posts\/363545\/revisions"}],"predecessor-version":[{"id":363555,"href":"http:\/\/www.noticiasdelparana.com.ar\/NuevaEdicion\/wp-json\/wp\/v2\/posts\/363545\/revisions\/363555"}],"wp:featuredmedia":[{"embeddable":true,"href":"http:\/\/www.noticiasdelparana.com.ar\/NuevaEdicion\/wp-json\/wp\/v2\/media\/363548"}],"wp:attachment":[{"href":"http:\/\/www.noticiasdelparana.com.ar\/NuevaEdicion\/wp-json\/wp\/v2\/media?parent=363545"}],"wp:term":[{"taxonomy":"category","embeddable":true,"href":"http:\/\/www.noticiasdelparana.com.ar\/NuevaEdicion\/wp-json\/wp\/v2\/categories?post=363545"},{"taxonomy":"post_tag","embeddable":true,"href":"http:\/\/www.noticiasdelparana.com.ar\/NuevaEdicion\/wp-json\/wp\/v2\/tags?post=363545"}],"curies":[{"name":"wp","href":"https:\/\/api.w.org\/{rel}","templated":true}]}}