{"id":363546,"date":"2026-04-30T19:38:59","date_gmt":"2026-04-30T22:38:59","guid":{"rendered":"http:\/\/www.noticiasdelparana.com.ar\/NuevaEdicion\/?p=363546"},"modified":"2026-04-30T19:39:06","modified_gmt":"2026-04-30T22:39:06","slug":"resistencia-se-presento-la-segunda-edicion-del-programa-municipal-resistencia-baila","status":"publish","type":"post","link":"http:\/\/www.noticiasdelparana.com.ar\/NuevaEdicion\/2026\/04\/30\/resistencia-se-presento-la-segunda-edicion-del-programa-municipal-resistencia-baila\/","title":{"rendered":"RESISTENCIA:  Se Present\u00f3 La Segunda Edici\u00f3n Del Programa Municipal    \u201cResistencia Baila\u201d"},"content":{"rendered":"\n<p>Este evento art\u00edstico, del que la gente se puede sumar a las coreograf\u00edas y, a la vez, compartir un momento de camarader\u00eda, estar\u00e1 los d\u00edas domingos 3, 10 y 17 de mayo en la Plaza Belgrano y el 24 y 31, en la Espa\u00f1a.<\/p>\n\n\n\n<p>Tambi\u00e9n habr\u00e1 actividades en otras plazas y en junio se sumar\u00e1 el Paseo Sur, en la avenida Belgrano y Falucho.<\/p>\n\n\n\n<p>La instructora de baile, Bel\u00e9n C\u00e1ceres, se\u00f1al\u00f3 que los domingos, en cada plaza, se realizar\u00e1n distintos tipos de actividades, coreograf\u00edas y ritmos.<\/p>\n\n\n\n<p>\u201cTodas las personas bailan, de distintos tipos de edades, ya sean chicos, adultos, adultos mayores, adultos activos y nosotros estamos para hacer divertir, alegrar y olvidar los problemas a la gente\u201d, remarc\u00f3.<\/p>\n\n\n\n<p>Desde la Subsecretar\u00eda de Deportes comunal recordaron que en cada presentaci\u00f3n del \u201cResistencia baila\u201d estar\u00e1n las postas de salud, enfermer\u00eda, el programa \u201cNutri Tu Vida\u201d, m\u00e1s la log\u00edstica como ser gazebos, sillas y se implementar\u00e1 una carpa de vacunaci\u00f3n, con dos tipos de intervenciones, primero por el calendario anual y, en segundo lugar, la antigripal para mayores de 65 a\u00f1os.<\/p>\n","protected":false},"excerpt":{"rendered":"<p>30-Abr-26   La Municipalidad capitalina anunci\u00f3 la segunda edici\u00f3n del programa \u201cResistencia baila\u201d, que se desarrollar\u00e1 en distintos espacios p\u00fablicos de la ciudad, entre mayo y junio.<\/p>\n","protected":false},"author":3,"featured_media":363556,"comment_status":"closed","ping_status":"closed","sticky":false,"template":"","format":"standard","meta":[],"categories":[102],"tags":[],"_links":{"self":[{"href":"http:\/\/www.noticiasdelparana.com.ar\/NuevaEdicion\/wp-json\/wp\/v2\/posts\/363546"}],"collection":[{"href":"http:\/\/www.noticiasdelparana.com.ar\/NuevaEdicion\/wp-json\/wp\/v2\/posts"}],"about":[{"href":"http:\/\/www.noticiasdelparana.com.ar\/NuevaEdicion\/wp-json\/wp\/v2\/types\/post"}],"author":[{"embeddable":true,"href":"http:\/\/www.noticiasdelparana.com.ar\/NuevaEdicion\/wp-json\/wp\/v2\/users\/3"}],"replies":[{"embeddable":true,"href":"http:\/\/www.noticiasdelparana.com.ar\/NuevaEdicion\/wp-json\/wp\/v2\/comments?post=363546"}],"version-history":[{"count":1,"href":"http:\/\/www.noticiasdelparana.com.ar\/NuevaEdicion\/wp-json\/wp\/v2\/posts\/363546\/revisions"}],"predecessor-version":[{"id":363557,"href":"http:\/\/www.noticiasdelparana.com.ar\/NuevaEdicion\/wp-json\/wp\/v2\/posts\/363546\/revisions\/363557"}],"wp:featuredmedia":[{"embeddable":true,"href":"http:\/\/www.noticiasdelparana.com.ar\/NuevaEdicion\/wp-json\/wp\/v2\/media\/363556"}],"wp:attachment":[{"href":"http:\/\/www.noticiasdelparana.com.ar\/NuevaEdicion\/wp-json\/wp\/v2\/media?parent=363546"}],"wp:term":[{"taxonomy":"category","embeddable":true,"href":"http:\/\/www.noticiasdelparana.com.ar\/NuevaEdicion\/wp-json\/wp\/v2\/categories?post=363546"},{"taxonomy":"post_tag","embeddable":true,"href":"http:\/\/www.noticiasdelparana.com.ar\/NuevaEdicion\/wp-json\/wp\/v2\/tags?post=363546"}],"curies":[{"name":"wp","href":"https:\/\/api.w.org\/{rel}","templated":true}]}}