{"id":363547,"date":"2026-04-30T19:38:58","date_gmt":"2026-04-30T22:38:58","guid":{"rendered":"http:\/\/www.noticiasdelparana.com.ar\/NuevaEdicion\/?p=363547"},"modified":"2026-04-30T19:39:01","modified_gmt":"2026-04-30T22:39:01","slug":"chaco-piden-la-interpelacion-del-ministro-de-salud-por-el-escandalo-de-la-falsa-medica","status":"publish","type":"post","link":"http:\/\/www.noticiasdelparana.com.ar\/NuevaEdicion\/2026\/04\/30\/chaco-piden-la-interpelacion-del-ministro-de-salud-por-el-escandalo-de-la-falsa-medica\/","title":{"rendered":"CHACO: Piden La Interpelaci\u00f3n Del Ministro De Salud Por El Esc\u00e1ndalo De La Falsa M\u00e9dica"},"content":{"rendered":"\n<p>\u201cUna persona se infiltr\u00f3 en el sistema p\u00fablico de salud usando una matr\u00edcula ajena, oper\u00f3 durante meses en las guardias de los hospitales de Quitilipi y Presidencia de la Plaza, firm\u00f3 diez certificados de defunci\u00f3n, atendi\u00f3 a personas que luego fallecieron\u201d, detall\u00f3 el diputado Sebasti\u00e1n Ben\u00edtez Molas, uno de los firmantes del pedido de interpelaci\u00f3n: \u201cNo estamos hablando de simples irregularidades administrativas\u201d.<\/p>\n\n\n\n<p>En ese sentido, asegur\u00f3 que el ministro \u201ctiene mucho que explicar\u201d, porque el funcionario que ventil\u00f3 el esc\u00e1ndalo, el Director de la Regi\u00f3n Sanitaria 2, Dr. Orlando Di N\u00fabila, \u201cdijo ayer en la prensa que \u2018la doctora tiene un cementerio privado\u2019\u201d -en alusi\u00f3n a las personas fallecidas durante sus guardias- \u201cy que esto es \u2018mucho m\u00e1s grave\u2019 que el caso Cecilia\u201d.<\/p>\n\n\n\n<p>\u201cESC\u00c1NDALO POL\u00cdTICO\u201d<\/p>\n\n\n\n<p>\u201cEstas declaraciones nos producen enorme preocupaci\u00f3n\u201d, abund\u00f3 Ben\u00edtez Molas, \u201csobre todo porque despu\u00e9s de dar a conocer lo que hab\u00eda pasado, este profesional fue despedido del Ministerio. Es es un esc\u00e1ndalo pol\u00edtico que llega hasta el gobernador Zdero\u201d.<\/p>\n\n\n\n<p>El legislador record\u00f3 que Di N\u00fabila fue concejal de Machagai y candidato a intendente por el actual partido de gobierno: \u201cSe hab\u00eda ganado el cargo de director de la Regi\u00f3n 2 por tener una trayectoria intachable en la salud p\u00fablica, pero tambi\u00e9n era un dirigente del espacio pol\u00edtico de Zdero, y ayer en una entrevista revel\u00f3 que cuando se notific\u00f3 de su despido, a pie de p\u00e1gina escribi\u00f3: \u2018Leandro, me traicionaste\u2019\u201d.<\/p>\n\n\n\n<p>\u201cNo sabemos si su despido fue un ajuste de cuentas entre ellos, pero s\u00ed que hay enorme responsabilidad pol\u00edtica en todo lo que pas\u00f3, porque mientras la sociedad se enfrenta a un caso penal de consecuencias todav\u00eda insospechadas, el gobierno est\u00e1 queriendo barrer la basura abajo de la alfombra. Por eso es imperativo que el ministro se presente en esta Legislatura\u201d, concluy\u00f3.<\/p>\n","protected":false},"excerpt":{"rendered":"<p>30-Abr-26 La oposici\u00f3n formaliz\u00f3 el pedido de interpelaci\u00f3n al titular de la cartera sanitaria, Sergio Rodr\u00edguez, para que explique c\u00f3mo Lidia Mabel Ojeda pudo burlar los protocolos de seguridad y distintos controles sin que nadie lo notara; si ya exist\u00edan denuncias y qu\u00e9 medidas se adoptaron para proteger a los pacientes.<\/p>\n","protected":false},"author":4,"featured_media":363551,"comment_status":"closed","ping_status":"closed","sticky":false,"template":"","format":"standard","meta":[],"categories":[98],"tags":[],"_links":{"self":[{"href":"http:\/\/www.noticiasdelparana.com.ar\/NuevaEdicion\/wp-json\/wp\/v2\/posts\/363547"}],"collection":[{"href":"http:\/\/www.noticiasdelparana.com.ar\/NuevaEdicion\/wp-json\/wp\/v2\/posts"}],"about":[{"href":"http:\/\/www.noticiasdelparana.com.ar\/NuevaEdicion\/wp-json\/wp\/v2\/types\/post"}],"author":[{"embeddable":true,"href":"http:\/\/www.noticiasdelparana.com.ar\/NuevaEdicion\/wp-json\/wp\/v2\/users\/4"}],"replies":[{"embeddable":true,"href":"http:\/\/www.noticiasdelparana.com.ar\/NuevaEdicion\/wp-json\/wp\/v2\/comments?post=363547"}],"version-history":[{"count":1,"href":"http:\/\/www.noticiasdelparana.com.ar\/NuevaEdicion\/wp-json\/wp\/v2\/posts\/363547\/revisions"}],"predecessor-version":[{"id":363558,"href":"http:\/\/www.noticiasdelparana.com.ar\/NuevaEdicion\/wp-json\/wp\/v2\/posts\/363547\/revisions\/363558"}],"wp:featuredmedia":[{"embeddable":true,"href":"http:\/\/www.noticiasdelparana.com.ar\/NuevaEdicion\/wp-json\/wp\/v2\/media\/363551"}],"wp:attachment":[{"href":"http:\/\/www.noticiasdelparana.com.ar\/NuevaEdicion\/wp-json\/wp\/v2\/media?parent=363547"}],"wp:term":[{"taxonomy":"category","embeddable":true,"href":"http:\/\/www.noticiasdelparana.com.ar\/NuevaEdicion\/wp-json\/wp\/v2\/categories?post=363547"},{"taxonomy":"post_tag","embeddable":true,"href":"http:\/\/www.noticiasdelparana.com.ar\/NuevaEdicion\/wp-json\/wp\/v2\/tags?post=363547"}],"curies":[{"name":"wp","href":"https:\/\/api.w.org\/{rel}","templated":true}]}}