{"id":363559,"date":"2026-04-30T19:41:21","date_gmt":"2026-04-30T22:41:21","guid":{"rendered":"http:\/\/www.noticiasdelparana.com.ar\/NuevaEdicion\/?p=363559"},"modified":"2026-04-30T19:41:26","modified_gmt":"2026-04-30T22:41:26","slug":"pampa-del-indio-recuperaron-una-moto-robada-tras-un-rastrillaje-policial","status":"publish","type":"post","link":"http:\/\/www.noticiasdelparana.com.ar\/NuevaEdicion\/2026\/04\/30\/pampa-del-indio-recuperaron-una-moto-robada-tras-un-rastrillaje-policial\/","title":{"rendered":"PAMPA DEL INDIO: Recuperaron Una Moto Robada Tras Un Rastrillaje Policial"},"content":{"rendered":"\n<p>Hoy por la tarde, una mujer logro recuperar su motocicleta gracias a la intervenci\u00f3n del personal de la comisar\u00eda de Pampa del Indio. El supuesto autor se dio a la fuga el ver a los efectivos.<\/p>\n\n\n\n<p>Poco despu\u00e9s de las 14, los agentes tomaron conocimiento que en el barrio la Merced, habr\u00edan sustra\u00eddo una motocicleta marca Gilera Smash 110 cc que se encontraba estacionada en la galer\u00eda de una vivienda.<\/p>\n\n\n\n<p>De inmediato realizaron un rastrillaje por la zona, donde avistaron a un sujeto que circulaba en un rodado de similares caracter\u00edsticas. \u00c9ste al advertir la presencia de los uniformados, abandon\u00f3 la motocicleta y huy\u00f3 hacia una zona boscosa, logrando escapar.<\/p>\n\n\n\n<p>El veh\u00edculo fue secuestrado y puesto a disposici\u00f3n de la Fiscal\u00eda en turno, que orden\u00f3 su restituci\u00f3n a la propietaria una vez acreditada su titularidad.<\/p>\n","protected":false},"excerpt":{"rendered":"<p>30-Abr-26 El sospechoso abandon\u00f3 el rodado y escap\u00f3 hacia una zona boscosa al notar la presencia policial.<\/p>\n","protected":false},"author":3,"featured_media":363564,"comment_status":"closed","ping_status":"closed","sticky":false,"template":"","format":"standard","meta":[],"categories":[103],"tags":[],"_links":{"self":[{"href":"http:\/\/www.noticiasdelparana.com.ar\/NuevaEdicion\/wp-json\/wp\/v2\/posts\/363559"}],"collection":[{"href":"http:\/\/www.noticiasdelparana.com.ar\/NuevaEdicion\/wp-json\/wp\/v2\/posts"}],"about":[{"href":"http:\/\/www.noticiasdelparana.com.ar\/NuevaEdicion\/wp-json\/wp\/v2\/types\/post"}],"author":[{"embeddable":true,"href":"http:\/\/www.noticiasdelparana.com.ar\/NuevaEdicion\/wp-json\/wp\/v2\/users\/3"}],"replies":[{"embeddable":true,"href":"http:\/\/www.noticiasdelparana.com.ar\/NuevaEdicion\/wp-json\/wp\/v2\/comments?post=363559"}],"version-history":[{"count":1,"href":"http:\/\/www.noticiasdelparana.com.ar\/NuevaEdicion\/wp-json\/wp\/v2\/posts\/363559\/revisions"}],"predecessor-version":[{"id":363566,"href":"http:\/\/www.noticiasdelparana.com.ar\/NuevaEdicion\/wp-json\/wp\/v2\/posts\/363559\/revisions\/363566"}],"wp:featuredmedia":[{"embeddable":true,"href":"http:\/\/www.noticiasdelparana.com.ar\/NuevaEdicion\/wp-json\/wp\/v2\/media\/363564"}],"wp:attachment":[{"href":"http:\/\/www.noticiasdelparana.com.ar\/NuevaEdicion\/wp-json\/wp\/v2\/media?parent=363559"}],"wp:term":[{"taxonomy":"category","embeddable":true,"href":"http:\/\/www.noticiasdelparana.com.ar\/NuevaEdicion\/wp-json\/wp\/v2\/categories?post=363559"},{"taxonomy":"post_tag","embeddable":true,"href":"http:\/\/www.noticiasdelparana.com.ar\/NuevaEdicion\/wp-json\/wp\/v2\/tags?post=363559"}],"curies":[{"name":"wp","href":"https:\/\/api.w.org\/{rel}","templated":true}]}}