{"id":363560,"date":"2026-04-30T19:39:54","date_gmt":"2026-04-30T22:39:54","guid":{"rendered":"http:\/\/www.noticiasdelparana.com.ar\/NuevaEdicion\/?p=363560"},"modified":"2026-04-30T19:39:56","modified_gmt":"2026-04-30T22:39:56","slug":"chaco-la-provincia-avanza-en-seguridad-zdero-recibio-a-mision-tecnica-del-bcie","status":"publish","type":"post","link":"http:\/\/www.noticiasdelparana.com.ar\/NuevaEdicion\/2026\/04\/30\/chaco-la-provincia-avanza-en-seguridad-zdero-recibio-a-mision-tecnica-del-bcie\/","title":{"rendered":"CHACO: La Provincia Avanza En Seguridad: Zdero Recibi\u00f3 A Misi\u00f3n T\u00e9cnica Del BCIE"},"content":{"rendered":"\n<p>Durante el encuentro, el mandatario provincial, acompa\u00f1ado del ministro de Seguridad, Hugo Matkovich, y del ministro de Hacienda, Alejandro Abraam, recibi\u00f3 a la Misi\u00f3n T\u00e9cnica del organismo internacional, integrada por Mar\u00eda Marta Troisi, ejecutiva de Proyectos de la Gerencia de Pa\u00edses y Proyectos; Juan Manuel Salvatierra, analista de Supervisi\u00f3n de la Gerencia de Argentina; y Xiomara Hern\u00e1ndez, especialista en Adquisiciones del BCIE.<\/p>\n\n\n\n<p>El objetivo de la visita fue llevar adelante una jornada de capacitaci\u00f3n sobre la nueva pol\u00edtica de adquisiciones del organismo, adem\u00e1s de desarrollar un taller de inicio (kick-off) orientado a coordinar los lineamientos operativos, el seguimiento y la supervisi\u00f3n del programa en la provincia.<\/p>\n\n\n\n<p>En ese marco, el gobernador destac\u00f3 la importancia del trabajo conjunto con organismos internacionales: \u201cEstamos convencidos de que la articulaci\u00f3n con instituciones como el BCIE nos permite fortalecer nuestras pol\u00edticas p\u00fablicas y optimizar el uso de los recursos en \u00e1reas sensibles como la seguridad\u201d. Asimismo, remarc\u00f3 el compromiso de su gesti\u00f3n con la mejora continua: \u201cQueremos un Estado m\u00e1s eficiente, que planifique y ejecute con responsabilidad, y estas instancias de capacitaci\u00f3n y acompa\u00f1amiento t\u00e9cnico son fundamentales para lograrlo\u201d.<\/p>\n\n\n\n<p>Zdero tambi\u00e9n subray\u00f3 el impacto del programa en la vida cotidiana de los chaque\u00f1os: \u201cLa seguridad es una prioridad para nuestra gesti\u00f3n, y cada acci\u00f3n que emprendemos tiene como objetivo llevar m\u00e1s tranquilidad a las familias de la provincia\u201d.<\/p>\n\n\n\n<p>Desde el Gobierno provincial destacaron la importancia de este tipo de instancias de articulaci\u00f3n con organismos internacionales, que permiten fortalecer la implementaci\u00f3n de pol\u00edticas p\u00fablicas vinculadas a la seguridad y mejorar la gesti\u00f3n de los recursos destinados a la prevenci\u00f3n y el abordaje del delito.<\/p>\n","protected":false},"excerpt":{"rendered":"<p>30-Abr-26 El gobernador Leandro Zdero encabez\u00f3 una reuni\u00f3n con funcionarios del Banco Centroamericano de Integraci\u00f3n Econ\u00f3mica en el Sal\u00f3n de Acuerdos de Casa de Gobierno, en el marco del Programa de Inversi\u00f3n Social en Seguridad Ciudadana.<\/p>\n","protected":false},"author":4,"featured_media":363550,"comment_status":"closed","ping_status":"closed","sticky":false,"template":"","format":"standard","meta":[],"categories":[98],"tags":[],"_links":{"self":[{"href":"http:\/\/www.noticiasdelparana.com.ar\/NuevaEdicion\/wp-json\/wp\/v2\/posts\/363560"}],"collection":[{"href":"http:\/\/www.noticiasdelparana.com.ar\/NuevaEdicion\/wp-json\/wp\/v2\/posts"}],"about":[{"href":"http:\/\/www.noticiasdelparana.com.ar\/NuevaEdicion\/wp-json\/wp\/v2\/types\/post"}],"author":[{"embeddable":true,"href":"http:\/\/www.noticiasdelparana.com.ar\/NuevaEdicion\/wp-json\/wp\/v2\/users\/4"}],"replies":[{"embeddable":true,"href":"http:\/\/www.noticiasdelparana.com.ar\/NuevaEdicion\/wp-json\/wp\/v2\/comments?post=363560"}],"version-history":[{"count":1,"href":"http:\/\/www.noticiasdelparana.com.ar\/NuevaEdicion\/wp-json\/wp\/v2\/posts\/363560\/revisions"}],"predecessor-version":[{"id":363561,"href":"http:\/\/www.noticiasdelparana.com.ar\/NuevaEdicion\/wp-json\/wp\/v2\/posts\/363560\/revisions\/363561"}],"wp:featuredmedia":[{"embeddable":true,"href":"http:\/\/www.noticiasdelparana.com.ar\/NuevaEdicion\/wp-json\/wp\/v2\/media\/363550"}],"wp:attachment":[{"href":"http:\/\/www.noticiasdelparana.com.ar\/NuevaEdicion\/wp-json\/wp\/v2\/media?parent=363560"}],"wp:term":[{"taxonomy":"category","embeddable":true,"href":"http:\/\/www.noticiasdelparana.com.ar\/NuevaEdicion\/wp-json\/wp\/v2\/categories?post=363560"},{"taxonomy":"post_tag","embeddable":true,"href":"http:\/\/www.noticiasdelparana.com.ar\/NuevaEdicion\/wp-json\/wp\/v2\/tags?post=363560"}],"curies":[{"name":"wp","href":"https:\/\/api.w.org\/{rel}","templated":true}]}}