{"id":363565,"date":"2026-04-30T19:41:41","date_gmt":"2026-04-30T22:41:41","guid":{"rendered":"http:\/\/www.noticiasdelparana.com.ar\/NuevaEdicion\/?p=363565"},"modified":"2026-04-30T19:41:44","modified_gmt":"2026-04-30T22:41:44","slug":"charadai-nuevo-operativo-de-la-red-estrategica-de-salud-a-mas-de-500-vecinos","status":"publish","type":"post","link":"http:\/\/www.noticiasdelparana.com.ar\/NuevaEdicion\/2026\/04\/30\/charadai-nuevo-operativo-de-la-red-estrategica-de-salud-a-mas-de-500-vecinos\/","title":{"rendered":"CHARADAI:  Nuevo Operativo De La Red Estrat\u00e9gica De Salud A M\u00e1s De 500 Vecinos"},"content":{"rendered":"\n<p>El megaoperativo permiti\u00f3 acercar a la poblaci\u00f3n m\u00faltiples especialidades m\u00e9dicas, entre ellas obstetricia, tocoginecolog\u00eda, cardiolog\u00eda, pediatr\u00eda, cl\u00ednica m\u00e9dica y odontolog\u00eda, adem\u00e1s de vacunaci\u00f3n y controles orientados a la prevenci\u00f3n y detecci\u00f3n temprana de enfermedades.<\/p>\n\n\n\n<p>Durante la jornada se atendi\u00f3 a 506 pacientes y se realizaron 903 prestaciones m\u00e9dicas, que incluyeron:<\/p>\n\n\n\n<p>-32 aplicaciones de vacunas<\/p>\n\n\n\n<p>-56 atenciones obst\u00e9tricas<\/p>\n\n\n\n<p>-20 consultas odontol\u00f3gicas<\/p>\n\n\n\n<p>-48 consultas cl\u00ednicas<\/p>\n\n\n\n<p>-70 atenciones en pediatr\u00eda<\/p>\n\n\n\n<p>-80 consultas en cardiolog\u00eda<\/p>\n\n\n\n<p>-80 acciones de enfermer\u00eda<\/p>\n\n\n\n<p>-40 test de VIH y VDRL<\/p>\n\n\n\n<p>-80 ecograf\u00edas.<\/p>\n\n\n\n<p>El coordinador de la Red Estrat\u00e9gica de Salud, Gerardo Delgado, destac\u00f3 que estos operativos implican un importante despliegue territorial para llegar a cada rinc\u00f3n de la provincia con servicios esenciales. \u201cSe prioriza la prevenci\u00f3n y la detecci\u00f3n precoz de enfermedades, acercando diagn\u00f3sticos por imagen, vacunas del calendario y atenci\u00f3n en distintas especialidades\u201d, se\u00f1al\u00f3.<\/p>\n\n\n\n<p>Por su parte, el subsecretario de Municipio, Marcelo Barrios, valor\u00f3 la amplia participaci\u00f3n de la comunidad. \u201cEstamos muy contentos de llegar a Charadai y ver el impacto de estos operativos en el crecimiento y bienestar de la poblaci\u00f3n\u201d, expres\u00f3.<\/p>\n\n\n\n<p>Adem\u00e1s, remarc\u00f3 el avance de obras viales en la zona, que mejorar\u00e1n la conectividad. \u201cEl pavimento que une Charadai con la Ruta 11 es clave para fortalecer la integraci\u00f3n y el desarrollo del sudoeste chaque\u00f1o\u201d, afirm\u00f3.<\/p>\n\n\n\n<p>La iniciativa se desarrolla de manera articulada con distintas \u00e1reas del Gobierno provincial y organismos como el IPRODICH y el programa \u00d1achec, con su coordinadora provincial, Tamara Silvestri, consolidando una estrategia integral que busca acercar servicios, mejorar la calidad de vida y garantizar derechos en todo el territorio.<\/p>\n","protected":false},"excerpt":{"rendered":"<p>30-Abr-26 Este jueves, el Ministerio de Salud junto a la Secretar\u00eda de Asuntos Estrat\u00e9gicos llevaron adelante un nuevo operativo de la Red Estrat\u00e9gica de Salud (RES) en el hospital  de Charadai, con el objetivo de fortalecer la presencia territorial y garantizar el acceso a la salud.<\/p>\n","protected":false},"author":4,"featured_media":363553,"comment_status":"closed","ping_status":"closed","sticky":false,"template":"","format":"standard","meta":[],"categories":[98],"tags":[],"_links":{"self":[{"href":"http:\/\/www.noticiasdelparana.com.ar\/NuevaEdicion\/wp-json\/wp\/v2\/posts\/363565"}],"collection":[{"href":"http:\/\/www.noticiasdelparana.com.ar\/NuevaEdicion\/wp-json\/wp\/v2\/posts"}],"about":[{"href":"http:\/\/www.noticiasdelparana.com.ar\/NuevaEdicion\/wp-json\/wp\/v2\/types\/post"}],"author":[{"embeddable":true,"href":"http:\/\/www.noticiasdelparana.com.ar\/NuevaEdicion\/wp-json\/wp\/v2\/users\/4"}],"replies":[{"embeddable":true,"href":"http:\/\/www.noticiasdelparana.com.ar\/NuevaEdicion\/wp-json\/wp\/v2\/comments?post=363565"}],"version-history":[{"count":1,"href":"http:\/\/www.noticiasdelparana.com.ar\/NuevaEdicion\/wp-json\/wp\/v2\/posts\/363565\/revisions"}],"predecessor-version":[{"id":363568,"href":"http:\/\/www.noticiasdelparana.com.ar\/NuevaEdicion\/wp-json\/wp\/v2\/posts\/363565\/revisions\/363568"}],"wp:featuredmedia":[{"embeddable":true,"href":"http:\/\/www.noticiasdelparana.com.ar\/NuevaEdicion\/wp-json\/wp\/v2\/media\/363553"}],"wp:attachment":[{"href":"http:\/\/www.noticiasdelparana.com.ar\/NuevaEdicion\/wp-json\/wp\/v2\/media?parent=363565"}],"wp:term":[{"taxonomy":"category","embeddable":true,"href":"http:\/\/www.noticiasdelparana.com.ar\/NuevaEdicion\/wp-json\/wp\/v2\/categories?post=363565"},{"taxonomy":"post_tag","embeddable":true,"href":"http:\/\/www.noticiasdelparana.com.ar\/NuevaEdicion\/wp-json\/wp\/v2\/tags?post=363565"}],"curies":[{"name":"wp","href":"https:\/\/api.w.org\/{rel}","templated":true}]}}