{"id":363567,"date":"2026-04-30T19:42:32","date_gmt":"2026-04-30T22:42:32","guid":{"rendered":"http:\/\/www.noticiasdelparana.com.ar\/NuevaEdicion\/?p=363567"},"modified":"2026-04-30T19:42:41","modified_gmt":"2026-04-30T22:42:41","slug":"saenz-pena-detienen-a-un-hombre-recuperan-una-rueda-y-una-hidrolavadora","status":"publish","type":"post","link":"http:\/\/www.noticiasdelparana.com.ar\/NuevaEdicion\/2026\/04\/30\/saenz-pena-detienen-a-un-hombre-recuperan-una-rueda-y-una-hidrolavadora\/","title":{"rendered":"SAENZ  PE\u00d1A: Detienen A Un Hombre: Recuperan Una Rueda Y Una Hidrolavadora"},"content":{"rendered":"\n<p>Este jueves a eso de las 15, tras recibir una llamada a trav\u00e9s del Sistema de Emergencia 911 que de una estaci\u00f3n de servicio ubicada en Ruta 16 Km. 182 sustrajeron una rueda y una hidrolavadora. Agentes de la Comisaria Segunda de S\u00e1enz Pe\u00f1a, se realizaron tareas investigativas y relevamiento de c\u00e1maras de seguridad. Al realizar el relevamiento vieron a un masculino que sustrajo los elementos.<\/p>\n\n\n\n<p>Al circular por calle 48 y 19 del barrio Evita, se logr\u00f3 visualizar a un hombre de 22 a\u00f1os que sal\u00eda del monte, con los elementos buscados. Por ello, se procedi\u00f3 a la aprehensi\u00f3n del sujeto y secuestro de los elementos denunciados.<\/p>\n\n\n\n<p>El joven de 22 a\u00f1os, fue notificado de su aprehensi\u00f3n en la causa supuesto hurto.<\/p>\n","protected":false},"excerpt":{"rendered":"<p>30-Abr-26 Efectivos de la comisar\u00eda segunda de S\u00e1enz Pe\u00f1a lograron localizar los elementos en una zona boscosa<\/p>\n","protected":false},"author":3,"featured_media":363570,"comment_status":"closed","ping_status":"closed","sticky":false,"template":"","format":"standard","meta":[],"categories":[103],"tags":[],"_links":{"self":[{"href":"http:\/\/www.noticiasdelparana.com.ar\/NuevaEdicion\/wp-json\/wp\/v2\/posts\/363567"}],"collection":[{"href":"http:\/\/www.noticiasdelparana.com.ar\/NuevaEdicion\/wp-json\/wp\/v2\/posts"}],"about":[{"href":"http:\/\/www.noticiasdelparana.com.ar\/NuevaEdicion\/wp-json\/wp\/v2\/types\/post"}],"author":[{"embeddable":true,"href":"http:\/\/www.noticiasdelparana.com.ar\/NuevaEdicion\/wp-json\/wp\/v2\/users\/3"}],"replies":[{"embeddable":true,"href":"http:\/\/www.noticiasdelparana.com.ar\/NuevaEdicion\/wp-json\/wp\/v2\/comments?post=363567"}],"version-history":[{"count":1,"href":"http:\/\/www.noticiasdelparana.com.ar\/NuevaEdicion\/wp-json\/wp\/v2\/posts\/363567\/revisions"}],"predecessor-version":[{"id":363572,"href":"http:\/\/www.noticiasdelparana.com.ar\/NuevaEdicion\/wp-json\/wp\/v2\/posts\/363567\/revisions\/363572"}],"wp:featuredmedia":[{"embeddable":true,"href":"http:\/\/www.noticiasdelparana.com.ar\/NuevaEdicion\/wp-json\/wp\/v2\/media\/363570"}],"wp:attachment":[{"href":"http:\/\/www.noticiasdelparana.com.ar\/NuevaEdicion\/wp-json\/wp\/v2\/media?parent=363567"}],"wp:term":[{"taxonomy":"category","embeddable":true,"href":"http:\/\/www.noticiasdelparana.com.ar\/NuevaEdicion\/wp-json\/wp\/v2\/categories?post=363567"},{"taxonomy":"post_tag","embeddable":true,"href":"http:\/\/www.noticiasdelparana.com.ar\/NuevaEdicion\/wp-json\/wp\/v2\/tags?post=363567"}],"curies":[{"name":"wp","href":"https:\/\/api.w.org\/{rel}","templated":true}]}}