{"id":363582,"date":"2026-04-30T20:52:07","date_gmt":"2026-04-30T23:52:07","guid":{"rendered":"http:\/\/www.noticiasdelparana.com.ar\/NuevaEdicion\/?p=363582"},"modified":"2026-04-30T20:52:09","modified_gmt":"2026-04-30T23:52:09","slug":"chaco-educacion-estudiantes-chaquenos-prometeran-lealtad-a-la-constitucion-nacional-y-provincial","status":"publish","type":"post","link":"http:\/\/www.noticiasdelparana.com.ar\/NuevaEdicion\/2026\/04\/30\/chaco-educacion-estudiantes-chaquenos-prometeran-lealtad-a-la-constitucion-nacional-y-provincial\/","title":{"rendered":"CHACO: Educaci\u00f3n: Estudiantes Chaque\u00f1os Prometer\u00e1n Lealtad A La Constituci\u00f3n Nacional Y Provincial"},"content":{"rendered":"\n<p>El Ministerio de Educaci\u00f3n, Cultura, Ciencia y Tecnolog\u00eda del Chaco recuerda que, con motivo del D\u00eda de la Constituci\u00f3n Nacional, que se conmemora el 1\u00ba de mayo, estudiantes de tercer a\u00f1o de escuelas secundarias y de primer a\u00f1o del ciclo superior de escuelas t\u00e9cnicas de toda la provincia realizar\u00e1n la promesa de lealtad a las constituciones Nacional y Provincial. La actividad est\u00e1 establecida en el Calendario Escolar y, seg\u00fan la normativa vigente, debe concretarse el primer d\u00eda h\u00e1bil posterior al 1\u00b0 de mayo, fecha que coincide con el feriado nacional por el D\u00eda del Trabajador.<\/p>\n\n\n\n<p>Esta iniciativa se enmarca en la Ley Provincial N\u00ba 3838-E, sancionada por la C\u00e1mara de Diputados del Chaco, que complementa y reglamenta la propuesta impulsada por la cartera educativa con el objetivo de fortalecer la formaci\u00f3n ciudadana de los estudiantes y revalorizar los principios de la vida democr\u00e1tica.<\/p>\n\n\n\n<p>De manera previa a los actos, los alumnos participan de instancias de trabajo en el aula donde reflexionan sobre la importancia c\u00edvica de este compromiso, promoviendo el conocimiento y respeto por los derechos y deberes consagrados en las Cartas Magnas.<\/p>\n\n\n\n<p>Cabe recordar que el 1 de mayo de 1853, en el marco del Congreso General Constituyente reunido en Santa Fe, se sancion\u00f3 la Constituci\u00f3n Nacional Argentina, estableciendo las bases para la organizaci\u00f3n del pa\u00eds como una naci\u00f3n unificada, republicana y federal, y garantizando los derechos fundamentales de sus ciudadanos.<\/p>\n","protected":false},"excerpt":{"rendered":"<p>30-Abr-26 En este 2026, la mayor\u00eda de las instituciones educativas llevar\u00e1 adelante los actos el lunes 4 de mayo, de acuerdo a la organizaci\u00f3n de cada establecimiento.<\/p>\n","protected":false},"author":3,"featured_media":363584,"comment_status":"closed","ping_status":"closed","sticky":false,"template":"","format":"standard","meta":[],"categories":[98],"tags":[],"_links":{"self":[{"href":"http:\/\/www.noticiasdelparana.com.ar\/NuevaEdicion\/wp-json\/wp\/v2\/posts\/363582"}],"collection":[{"href":"http:\/\/www.noticiasdelparana.com.ar\/NuevaEdicion\/wp-json\/wp\/v2\/posts"}],"about":[{"href":"http:\/\/www.noticiasdelparana.com.ar\/NuevaEdicion\/wp-json\/wp\/v2\/types\/post"}],"author":[{"embeddable":true,"href":"http:\/\/www.noticiasdelparana.com.ar\/NuevaEdicion\/wp-json\/wp\/v2\/users\/3"}],"replies":[{"embeddable":true,"href":"http:\/\/www.noticiasdelparana.com.ar\/NuevaEdicion\/wp-json\/wp\/v2\/comments?post=363582"}],"version-history":[{"count":1,"href":"http:\/\/www.noticiasdelparana.com.ar\/NuevaEdicion\/wp-json\/wp\/v2\/posts\/363582\/revisions"}],"predecessor-version":[{"id":363587,"href":"http:\/\/www.noticiasdelparana.com.ar\/NuevaEdicion\/wp-json\/wp\/v2\/posts\/363582\/revisions\/363587"}],"wp:featuredmedia":[{"embeddable":true,"href":"http:\/\/www.noticiasdelparana.com.ar\/NuevaEdicion\/wp-json\/wp\/v2\/media\/363584"}],"wp:attachment":[{"href":"http:\/\/www.noticiasdelparana.com.ar\/NuevaEdicion\/wp-json\/wp\/v2\/media?parent=363582"}],"wp:term":[{"taxonomy":"category","embeddable":true,"href":"http:\/\/www.noticiasdelparana.com.ar\/NuevaEdicion\/wp-json\/wp\/v2\/categories?post=363582"},{"taxonomy":"post_tag","embeddable":true,"href":"http:\/\/www.noticiasdelparana.com.ar\/NuevaEdicion\/wp-json\/wp\/v2\/tags?post=363582"}],"curies":[{"name":"wp","href":"https:\/\/api.w.org\/{rel}","templated":true}]}}