{"id":363588,"date":"2026-04-30T20:53:41","date_gmt":"2026-04-30T23:53:41","guid":{"rendered":"http:\/\/www.noticiasdelparana.com.ar\/NuevaEdicion\/?p=363588"},"modified":"2026-04-30T20:53:44","modified_gmt":"2026-04-30T23:53:44","slug":"mayo-jairo-en-concierto-en-corrientes-y-resistencia","status":"publish","type":"post","link":"http:\/\/www.noticiasdelparana.com.ar\/NuevaEdicion\/2026\/04\/30\/mayo-jairo-en-concierto-en-corrientes-y-resistencia\/","title":{"rendered":"Mayo: Jairo En Concierto En Corrientes Y Resistencia"},"content":{"rendered":"\n<p>&nbsp;Con su inconfundible voz y una carrera que abarca m\u00e1s de 800 canciones, el artista promete una noche inolvidable llena de emoci\u00f3n, recuerdos y los cl\u00e1sicos que lo han convertido en una de las voces m\u00e1s emblem\u00e1ticas de la m\u00fasica argentina.<\/p>\n\n\n\n<p>Corrientes y Resistencia se preparan para recibir a uno de los artistas m\u00e1s importantes de la m\u00fasica nacional: Jairo. Con una carrera que abarca m\u00e1s de 50 a\u00f1os, Jairo ha conquistado a generaciones con su estilo \u00fanico y su interpretaci\u00f3n de canciones que se han convertido en himnos del repertorio popular argentino. Mercedes Sosa lo describi\u00f3 como \u201cla mejor voz de Argentina\u201d, un t\u00edtulo que bien refleja la admiraci\u00f3n que ha generado a lo largo de su carrera.<\/p>\n\n\n\n<p>Adem\u00e1s de sus cl\u00e1sicos m\u00e1s queridos, Jairo ofrecer\u00e1 una experiencia cercana y aut\u00e9ntica, con la calidez que caracteriza su voz y su presencia en el escenario.<\/p>\n\n\n\n<p>Luego del exitoso lanzamiento de \u201c50 a\u00f1os de M\u00fasica\u201d, el \u00e1lbum conmemorativo con el que estuvo colmando las salas m\u00e1s importantes del pa\u00eds y donde actualiz\u00f3 las m\u00e1s significativas canciones de su repertorio junto a enormes artistas de distintas generaciones y dando los \u00faltimos retoques de el pronto a editarse Volumen II, Jairo vuelve m\u00e1s actual que nunca.<\/p>\n\n\n\n<p>Esta gira tiene como invitado muy especial a Fran Posse, su nieto, hijo de Yaco Gonz\u00e1lez. Con el joven Fran logran trascender generaciones en pos del canto y la m\u00fasica de autor. Abuelo, hijo y nieto presentes en estos conciertos junto a su banda de siempre para ofrecernos un concierto \u00fanico y entra\u00f1able.<\/p>\n\n\n\n<p>En estos nuevos conciertos, Jairo vuelve no solo a su repertorio cl\u00e1sico, que ya es parte del inconsciente de muchos de nosotros, sino a su permanente necesidad de regalarnos nuevas canciones y seguir renovando su camino de trovador incansable.<\/p>\n\n\n\n<p>Su discograf\u00eda, que incluye m\u00e1s de 800 canciones en espa\u00f1ol, franc\u00e9s, italiano y alem\u00e1n, lo ha consolidado como un referente musical. Entre sus temas m\u00e1s emblem\u00e1ticos se destacan \u00abTu alma golondrina\u00bb, \u00abPor si t\u00fa quieres saber\u00bb, \u00abTristezas\u00bb, \u00abDe pronto sucedi\u00f3\u00bb, \u00abEl valle y el volc\u00e1n\u00bb y \u00abMe encanta esta hora del d\u00eda\u00bb.<\/p>\n\n\n\n<p>Entradas<\/p>\n\n\n\n<p>En Corrientes, las entradas ya se encuentran a la venta en weepas.ar, desde $26.500 pesos en adelante y en boleter\u00eda del coliseo correntino, San Juan 637, de lunes a s\u00e1bados de 9 a 13 hs. y de 17 a 21 hs.<\/p>\n\n\n\n<p>En Resistencia, las entradas anticipadas est\u00e1n en venta en www.butacauno.com.ar en 3 y 5 cuotas con tarjeta Tuya, en Frondizi 33, Piso 2-Oficina 12 y en la boleter\u00eda del Guido Miranda.<\/p>\n","protected":false},"excerpt":{"rendered":"<p>30-Abr-26 El reconocido cantautor se presentar\u00e1 en vivo el s\u00e1bado 30 en el Teatro Vera, con participaci\u00f3n de la Orquesta Sinf\u00f3nica de la provincia, y el domingo 31 en el Complejo Cultural Guido Miranda.<\/p>\n","protected":false},"author":3,"featured_media":363585,"comment_status":"closed","ping_status":"closed","sticky":false,"template":"","format":"standard","meta":[],"categories":[105],"tags":[],"_links":{"self":[{"href":"http:\/\/www.noticiasdelparana.com.ar\/NuevaEdicion\/wp-json\/wp\/v2\/posts\/363588"}],"collection":[{"href":"http:\/\/www.noticiasdelparana.com.ar\/NuevaEdicion\/wp-json\/wp\/v2\/posts"}],"about":[{"href":"http:\/\/www.noticiasdelparana.com.ar\/NuevaEdicion\/wp-json\/wp\/v2\/types\/post"}],"author":[{"embeddable":true,"href":"http:\/\/www.noticiasdelparana.com.ar\/NuevaEdicion\/wp-json\/wp\/v2\/users\/3"}],"replies":[{"embeddable":true,"href":"http:\/\/www.noticiasdelparana.com.ar\/NuevaEdicion\/wp-json\/wp\/v2\/comments?post=363588"}],"version-history":[{"count":1,"href":"http:\/\/www.noticiasdelparana.com.ar\/NuevaEdicion\/wp-json\/wp\/v2\/posts\/363588\/revisions"}],"predecessor-version":[{"id":363589,"href":"http:\/\/www.noticiasdelparana.com.ar\/NuevaEdicion\/wp-json\/wp\/v2\/posts\/363588\/revisions\/363589"}],"wp:featuredmedia":[{"embeddable":true,"href":"http:\/\/www.noticiasdelparana.com.ar\/NuevaEdicion\/wp-json\/wp\/v2\/media\/363585"}],"wp:attachment":[{"href":"http:\/\/www.noticiasdelparana.com.ar\/NuevaEdicion\/wp-json\/wp\/v2\/media?parent=363588"}],"wp:term":[{"taxonomy":"category","embeddable":true,"href":"http:\/\/www.noticiasdelparana.com.ar\/NuevaEdicion\/wp-json\/wp\/v2\/categories?post=363588"},{"taxonomy":"post_tag","embeddable":true,"href":"http:\/\/www.noticiasdelparana.com.ar\/NuevaEdicion\/wp-json\/wp\/v2\/tags?post=363588"}],"curies":[{"name":"wp","href":"https:\/\/api.w.org\/{rel}","templated":true}]}}