{"id":363590,"date":"2026-04-30T20:54:38","date_gmt":"2026-04-30T23:54:38","guid":{"rendered":"http:\/\/www.noticiasdelparana.com.ar\/NuevaEdicion\/?p=363590"},"modified":"2026-04-30T20:54:45","modified_gmt":"2026-04-30T23:54:45","slug":"castelli-secuestraron-un-arma-modificada-y-municiones-durante-un-control-policial","status":"publish","type":"post","link":"http:\/\/www.noticiasdelparana.com.ar\/NuevaEdicion\/2026\/04\/30\/castelli-secuestraron-un-arma-modificada-y-municiones-durante-un-control-policial\/","title":{"rendered":"CASTELLI: Secuestraron Un Arma Modificada Y Municiones Durante Un Control Policial"},"content":{"rendered":"\n<p>Efectivos del Departamento de Seguridad Rural de Juan Jos\u00e9 Castelli secuestraron un arma modificada, municiones y otros elementos durante un control vehicular realizado en una zona rural. El hecho ocurri\u00f3 alrededor de las 18 de este jueves, cuando los efectivos interceptaron una motocicleta en la que se movilizaban dos hombres.<\/p>\n\n\n\n<p>Durante la inspecci\u00f3n, constataron que transportaban un aire comprimido modificado calibre 22 sin marca ni numeraci\u00f3n visible, junto a cartuchos, un cuchillo, una soga y otros elementos.Al solicitar la documentaci\u00f3n correspondiente, el conductor manifest\u00f3 ser propietario del arma, aunque indic\u00f3 no contar con ning\u00fan tipo de permiso.<\/p>\n\n\n\n<p>Asimismo, los agentes procedieron al secuestro de los elementos y notificaron a los dos hombres de la infracci\u00f3n en el marco de una causa por \u201cSupuesta Infracci\u00f3n al art\u00edculo 189 bis del C\u00f3digo Penal\u201d,continuando en libertad.<\/p>\n\n\n\n<p>Las actuaciones quedaron a disposici\u00f3n de la fiscal\u00eda interviniente.<\/p>\n","protected":false},"excerpt":{"rendered":"<p>30-Abr-26 El procedimiento se realiz\u00f3 sobre un camino vecinal del paraje El Descanso.<\/p>\n","protected":false},"author":3,"featured_media":363583,"comment_status":"closed","ping_status":"closed","sticky":false,"template":"","format":"standard","meta":[],"categories":[103],"tags":[],"_links":{"self":[{"href":"http:\/\/www.noticiasdelparana.com.ar\/NuevaEdicion\/wp-json\/wp\/v2\/posts\/363590"}],"collection":[{"href":"http:\/\/www.noticiasdelparana.com.ar\/NuevaEdicion\/wp-json\/wp\/v2\/posts"}],"about":[{"href":"http:\/\/www.noticiasdelparana.com.ar\/NuevaEdicion\/wp-json\/wp\/v2\/types\/post"}],"author":[{"embeddable":true,"href":"http:\/\/www.noticiasdelparana.com.ar\/NuevaEdicion\/wp-json\/wp\/v2\/users\/3"}],"replies":[{"embeddable":true,"href":"http:\/\/www.noticiasdelparana.com.ar\/NuevaEdicion\/wp-json\/wp\/v2\/comments?post=363590"}],"version-history":[{"count":1,"href":"http:\/\/www.noticiasdelparana.com.ar\/NuevaEdicion\/wp-json\/wp\/v2\/posts\/363590\/revisions"}],"predecessor-version":[{"id":363591,"href":"http:\/\/www.noticiasdelparana.com.ar\/NuevaEdicion\/wp-json\/wp\/v2\/posts\/363590\/revisions\/363591"}],"wp:featuredmedia":[{"embeddable":true,"href":"http:\/\/www.noticiasdelparana.com.ar\/NuevaEdicion\/wp-json\/wp\/v2\/media\/363583"}],"wp:attachment":[{"href":"http:\/\/www.noticiasdelparana.com.ar\/NuevaEdicion\/wp-json\/wp\/v2\/media?parent=363590"}],"wp:term":[{"taxonomy":"category","embeddable":true,"href":"http:\/\/www.noticiasdelparana.com.ar\/NuevaEdicion\/wp-json\/wp\/v2\/categories?post=363590"},{"taxonomy":"post_tag","embeddable":true,"href":"http:\/\/www.noticiasdelparana.com.ar\/NuevaEdicion\/wp-json\/wp\/v2\/tags?post=363590"}],"curies":[{"name":"wp","href":"https:\/\/api.w.org\/{rel}","templated":true}]}}