{"id":363592,"date":"2026-04-30T20:55:29","date_gmt":"2026-04-30T23:55:29","guid":{"rendered":"http:\/\/www.noticiasdelparana.com.ar\/NuevaEdicion\/?p=363592"},"modified":"2026-04-30T20:55:32","modified_gmt":"2026-04-30T23:55:32","slug":"chaco-este-1-de-mayo-sameep-realizara-trabajos-programados-en-el-primer-acueducto","status":"publish","type":"post","link":"http:\/\/www.noticiasdelparana.com.ar\/NuevaEdicion\/2026\/04\/30\/chaco-este-1-de-mayo-sameep-realizara-trabajos-programados-en-el-primer-acueducto\/","title":{"rendered":"CHACO: Este 1 De Mayo: Sameep Realizar\u00e1 Trabajos Programados En El Primer Acueducto"},"content":{"rendered":"\n<p>La empresa Sameep informa que desde las primeras horas de este viernes 1 de mayo llevar\u00e1 adelante una intervenci\u00f3n programada sobre la l\u00ednea del Primer Acueducto, en la zona de Barranqueras, espec\u00edficamente en el sector del Puente R\u00edo Negro. Para la ejecuci\u00f3n de estos trabajos, ser\u00e1 necesario interrumpir el bombeo desde Barranqueras, lo que provocar\u00e1 una disminuci\u00f3n en el servicio de agua potable en distintas localidades del interior provincial.<\/p>\n\n\n\n<p>Desde la empresa indicaron que, una vez finalizadas las tareas, el servicio comenzar\u00e1 a restablecerse de manera paulatina, normaliz\u00e1ndose progresivamente la presi\u00f3n y el caudal habitual en las zonas alcanzadas por la intervenci\u00f3n.<\/p>\n\n\n\n<p>Asimismo, se solicita a los usuarios hacer un uso racional del agua mientras se desarrollan los trabajos y hasta la total normalizaci\u00f3n del servicio.<\/p>\n","protected":false},"excerpt":{"rendered":"<p>30-Abr-26 Las localidades que se ver\u00e1n afectadas de manera directa son Puerto Tirol, Puerto Bastiani, Colonia Popular, Lapachito, La Verde, La Escondida, Presidencia de la Plaza, Machagai y Quitilipi.<\/p>\n","protected":false},"author":3,"featured_media":363586,"comment_status":"closed","ping_status":"closed","sticky":false,"template":"","format":"standard","meta":[],"categories":[98],"tags":[],"_links":{"self":[{"href":"http:\/\/www.noticiasdelparana.com.ar\/NuevaEdicion\/wp-json\/wp\/v2\/posts\/363592"}],"collection":[{"href":"http:\/\/www.noticiasdelparana.com.ar\/NuevaEdicion\/wp-json\/wp\/v2\/posts"}],"about":[{"href":"http:\/\/www.noticiasdelparana.com.ar\/NuevaEdicion\/wp-json\/wp\/v2\/types\/post"}],"author":[{"embeddable":true,"href":"http:\/\/www.noticiasdelparana.com.ar\/NuevaEdicion\/wp-json\/wp\/v2\/users\/3"}],"replies":[{"embeddable":true,"href":"http:\/\/www.noticiasdelparana.com.ar\/NuevaEdicion\/wp-json\/wp\/v2\/comments?post=363592"}],"version-history":[{"count":1,"href":"http:\/\/www.noticiasdelparana.com.ar\/NuevaEdicion\/wp-json\/wp\/v2\/posts\/363592\/revisions"}],"predecessor-version":[{"id":363593,"href":"http:\/\/www.noticiasdelparana.com.ar\/NuevaEdicion\/wp-json\/wp\/v2\/posts\/363592\/revisions\/363593"}],"wp:featuredmedia":[{"embeddable":true,"href":"http:\/\/www.noticiasdelparana.com.ar\/NuevaEdicion\/wp-json\/wp\/v2\/media\/363586"}],"wp:attachment":[{"href":"http:\/\/www.noticiasdelparana.com.ar\/NuevaEdicion\/wp-json\/wp\/v2\/media?parent=363592"}],"wp:term":[{"taxonomy":"category","embeddable":true,"href":"http:\/\/www.noticiasdelparana.com.ar\/NuevaEdicion\/wp-json\/wp\/v2\/categories?post=363592"},{"taxonomy":"post_tag","embeddable":true,"href":"http:\/\/www.noticiasdelparana.com.ar\/NuevaEdicion\/wp-json\/wp\/v2\/tags?post=363592"}],"curies":[{"name":"wp","href":"https:\/\/api.w.org\/{rel}","templated":true}]}}