{"id":363594,"date":"2026-04-30T21:02:21","date_gmt":"2026-05-01T00:02:21","guid":{"rendered":"http:\/\/www.noticiasdelparana.com.ar\/NuevaEdicion\/?p=363594"},"modified":"2026-04-30T21:02:25","modified_gmt":"2026-05-01T00:02:25","slug":"puerto-tirol-una-mujer-lucha-por-su-vida-tras-ser-embestida-por-un-wilero","status":"publish","type":"post","link":"http:\/\/www.noticiasdelparana.com.ar\/NuevaEdicion\/2026\/04\/30\/puerto-tirol-una-mujer-lucha-por-su-vida-tras-ser-embestida-por-un-wilero\/","title":{"rendered":"PUERTO TIROL: Una Mujer Lucha Por Su Vida Tras Ser Embestida Por Un &#8220;Wilero&#8221;"},"content":{"rendered":"\n<p>Un grave siniestro vial ocurrido en Puerto Tirol dej\u00f3 como saldo a una mujer en estado cr\u00edtico y a una menor con lesiones de consideraci\u00f3n, mientras que otros dos j\u00f3venes resultaron heridos.<\/p>\n\n\n\n<p>El hecho se registr\u00f3 el mi\u00e9rcoles 29 de abril alrededor de las 20:30, en la intersecci\u00f3n de calle Acceso a Puerto Tirol y ex 25 de Mayo, donde colisionaron dos motocicletas, ambas con dos ocupantes.<\/p>\n\n\n\n<p>Por un lado, circulaban Tamara Estefan\u00eda Meza, de 38 a\u00f1os, junto a un menor de 17 a\u00f1os, a bordo de una motocicleta Honda Falcon 150cc. En el otro rodado, una Motomel 150cc, se trasladaban Erick Orellana, de 18 a\u00f1os, y una menor de 14 a\u00f1os.<\/p>\n\n\n\n<p>Tras el impacto, arribaron ambulancias que trasladaron a los cuatro involucrados al hospital local y posteriormente al Hospital Perrando de Resistencia para una atenci\u00f3n de mayor complejidad. En el lugar tambi\u00e9n trabaj\u00f3 personal de Criminal\u00edstica, Tr\u00e1nsito Municipal y Polic\u00eda Caminera, quienes realizaron las pericias correspondientes y procedieron al secuestro de ambos rodados.<\/p>\n\n\n\n<p>De acuerdo al parte m\u00e9dico, la situaci\u00f3n m\u00e1s delicada corresponde a Meza, quien sufri\u00f3 un traumatismo enc\u00e9falo craneano grave y permanece internada en terapia intensiva con asistencia respiratoria mec\u00e1nica.<\/p>\n\n\n\n<p>La menor de 14 a\u00f1os presenta fractura de tibia en la pierna izquierda y traumatismo facial, mientras que el joven de 18 a\u00f1os sufri\u00f3 una herida cortante en la pierna izquierda y traumatismo en el brazo. En tanto, el menor de 17 a\u00f1os result\u00f3 con traumatismo leve y se encuentra fuera de peligro.<\/p>\n\n\n\n<p>La causa fue caratulada como \u201csupuesto accidente de tr\u00e1nsito grave\u201d y es investigada por la Fiscal\u00eda N\u00b0 6.<\/p>\n","protected":false},"excerpt":{"rendered":"<p>30-Abr-26 Seg\u00fan informaci\u00f3n aportada a este medio por familiares de la mujer de 38 a\u00f1os y el menor de 17, el motociclista del otro rodado ven\u00eda realizando maniobras peligrosas, conocidas como \u201cwilli\u201d, cuando impact\u00f3 contra la moto en la que circulaban las v\u00edctimas.<\/p>\n","protected":false},"author":3,"featured_media":363595,"comment_status":"closed","ping_status":"closed","sticky":false,"template":"","format":"standard","meta":[],"categories":[100],"tags":[],"_links":{"self":[{"href":"http:\/\/www.noticiasdelparana.com.ar\/NuevaEdicion\/wp-json\/wp\/v2\/posts\/363594"}],"collection":[{"href":"http:\/\/www.noticiasdelparana.com.ar\/NuevaEdicion\/wp-json\/wp\/v2\/posts"}],"about":[{"href":"http:\/\/www.noticiasdelparana.com.ar\/NuevaEdicion\/wp-json\/wp\/v2\/types\/post"}],"author":[{"embeddable":true,"href":"http:\/\/www.noticiasdelparana.com.ar\/NuevaEdicion\/wp-json\/wp\/v2\/users\/3"}],"replies":[{"embeddable":true,"href":"http:\/\/www.noticiasdelparana.com.ar\/NuevaEdicion\/wp-json\/wp\/v2\/comments?post=363594"}],"version-history":[{"count":1,"href":"http:\/\/www.noticiasdelparana.com.ar\/NuevaEdicion\/wp-json\/wp\/v2\/posts\/363594\/revisions"}],"predecessor-version":[{"id":363596,"href":"http:\/\/www.noticiasdelparana.com.ar\/NuevaEdicion\/wp-json\/wp\/v2\/posts\/363594\/revisions\/363596"}],"wp:featuredmedia":[{"embeddable":true,"href":"http:\/\/www.noticiasdelparana.com.ar\/NuevaEdicion\/wp-json\/wp\/v2\/media\/363595"}],"wp:attachment":[{"href":"http:\/\/www.noticiasdelparana.com.ar\/NuevaEdicion\/wp-json\/wp\/v2\/media?parent=363594"}],"wp:term":[{"taxonomy":"category","embeddable":true,"href":"http:\/\/www.noticiasdelparana.com.ar\/NuevaEdicion\/wp-json\/wp\/v2\/categories?post=363594"},{"taxonomy":"post_tag","embeddable":true,"href":"http:\/\/www.noticiasdelparana.com.ar\/NuevaEdicion\/wp-json\/wp\/v2\/tags?post=363594"}],"curies":[{"name":"wp","href":"https:\/\/api.w.org\/{rel}","templated":true}]}}