{"id":363600,"date":"2026-04-30T23:26:19","date_gmt":"2026-05-01T02:26:19","guid":{"rendered":"http:\/\/www.noticiasdelparana.com.ar\/NuevaEdicion\/?p=363600"},"modified":"2026-04-30T23:26:23","modified_gmt":"2026-05-01T02:26:23","slug":"barranqueras-jornada-de-vacunacion-en-la-vereda-del-nbch-en-el-marco-de-la-semana-de-las-americas","status":"publish","type":"post","link":"http:\/\/www.noticiasdelparana.com.ar\/NuevaEdicion\/2026\/04\/30\/barranqueras-jornada-de-vacunacion-en-la-vereda-del-nbch-en-el-marco-de-la-semana-de-las-americas\/","title":{"rendered":"BARRANQUERAS:   Jornada De Vacunaci\u00f3n En La Vereda Del NBCH En El Marco De La Semana de las Am\u00e9ricas"},"content":{"rendered":"\n<p>El operativo se desarroll\u00f3 en la vereda del Nuevo Banco del Chaco (NBCH), donde se aplicaron dosis correspondientes al Calendario Nacional de Vacunaci\u00f3n, adem\u00e1s de vacunas antigripales y contra el neumococo.<\/p>\n\n\n\n<p>Durante la actividad, profesionales de la coordinaci\u00f3n de salud atendieron a vecinos que se acercaron al lugar, reforzando las acciones de prevenci\u00f3n y promoci\u00f3n del cuidado sanitario en la ciudad.<\/p>\n\n\n\n<p>Asimismo destacaron que este tipo de operativos se replican en distintos barrios, con el objetivo de garantizar el acceso a la vacunaci\u00f3n. <\/p>\n\n\n\n<p>Para finalizar, recordaron que el personal tambi\u00e9n presta servicios de manera continua en el Vacunatorio Municipal, ampliando as\u00ed la cobertura y facilitando el acceso a las vacunas para toda la poblaci\u00f3n.<\/p>\n","protected":false},"excerpt":{"rendered":"<p>30-Abr-26  En el marco de la Semana de la Vacunaci\u00f3n en las Am\u00e9ricas, el equipo de Salud de la Municipalidad de Barranqueras llev\u00f3 adelante una nueva jornada de inmunizaci\u00f3n destinada a la comunidad.<\/p>\n","protected":false},"author":3,"featured_media":363601,"comment_status":"closed","ping_status":"closed","sticky":false,"template":"","format":"standard","meta":[],"categories":[99],"tags":[],"_links":{"self":[{"href":"http:\/\/www.noticiasdelparana.com.ar\/NuevaEdicion\/wp-json\/wp\/v2\/posts\/363600"}],"collection":[{"href":"http:\/\/www.noticiasdelparana.com.ar\/NuevaEdicion\/wp-json\/wp\/v2\/posts"}],"about":[{"href":"http:\/\/www.noticiasdelparana.com.ar\/NuevaEdicion\/wp-json\/wp\/v2\/types\/post"}],"author":[{"embeddable":true,"href":"http:\/\/www.noticiasdelparana.com.ar\/NuevaEdicion\/wp-json\/wp\/v2\/users\/3"}],"replies":[{"embeddable":true,"href":"http:\/\/www.noticiasdelparana.com.ar\/NuevaEdicion\/wp-json\/wp\/v2\/comments?post=363600"}],"version-history":[{"count":1,"href":"http:\/\/www.noticiasdelparana.com.ar\/NuevaEdicion\/wp-json\/wp\/v2\/posts\/363600\/revisions"}],"predecessor-version":[{"id":363602,"href":"http:\/\/www.noticiasdelparana.com.ar\/NuevaEdicion\/wp-json\/wp\/v2\/posts\/363600\/revisions\/363602"}],"wp:featuredmedia":[{"embeddable":true,"href":"http:\/\/www.noticiasdelparana.com.ar\/NuevaEdicion\/wp-json\/wp\/v2\/media\/363601"}],"wp:attachment":[{"href":"http:\/\/www.noticiasdelparana.com.ar\/NuevaEdicion\/wp-json\/wp\/v2\/media?parent=363600"}],"wp:term":[{"taxonomy":"category","embeddable":true,"href":"http:\/\/www.noticiasdelparana.com.ar\/NuevaEdicion\/wp-json\/wp\/v2\/categories?post=363600"},{"taxonomy":"post_tag","embeddable":true,"href":"http:\/\/www.noticiasdelparana.com.ar\/NuevaEdicion\/wp-json\/wp\/v2\/tags?post=363600"}],"curies":[{"name":"wp","href":"https:\/\/api.w.org\/{rel}","templated":true}]}}