{"id":363615,"date":"2026-05-01T08:30:56","date_gmt":"2026-05-01T11:30:56","guid":{"rendered":"http:\/\/www.noticiasdelparana.com.ar\/NuevaEdicion\/?p=363615"},"modified":"2026-05-01T08:31:02","modified_gmt":"2026-05-01T11:31:02","slug":"chaco-demoraron-a-un-hombre-armado-tras-una-investigacion-por-lesiones-con-arma-de-fuego","status":"publish","type":"post","link":"http:\/\/www.noticiasdelparana.com.ar\/NuevaEdicion\/2026\/05\/01\/chaco-demoraron-a-un-hombre-armado-tras-una-investigacion-por-lesiones-con-arma-de-fuego\/","title":{"rendered":"CHACO: Demoraron A Un Hombre Armado Tras Una Investigaci\u00f3n Por Lesiones Con Arma De Fuego"},"content":{"rendered":"\n<p>Efectivos de la Divisi\u00f3n Enlace Operativo Metropolitana, realizaban averiguaciones sobre un hombre involucrado en un hecho con armas de fuego, en el que hab\u00eda ocasionado lesiones a una mujer. Anoche alrededor de las 22 supieron que el implicado merodeaba por el barrio Villa Prosperidad en varios grupos de trabajo se dirigieron al lugar.<\/p>\n\n\n\n<p>Gracias a la informaci\u00f3n recabada en las calles obtuvieron informaci\u00f3n precisa sobre su apariencia y caracter\u00edsticas f\u00edsicas. Es as\u00ed que luego de patrullajes por el barrio mencionado lo interceptaron cuando sal\u00eda de un pasillo de la zona con una bolsa en su poder. Tras su identificaci\u00f3n, se constat\u00f3 que llevaba un arma de fabricaci\u00f3n casera, cartuchos calibre 12\/70 y una vaina servida del mismo calibre. El sujeto de 31 a\u00f1os fue demorado y los elementos fueron secuestrados.<\/p>\n\n\n\n<p>Finalmente fue notificado de su aprehensi\u00f3n por la causa Supuestas Lesiones con arma de fuego a disposici\u00f3n de la Fiscal\u00eda en turno.<\/p>\n","protected":false},"excerpt":{"rendered":"<p>01-May-26 El procedimiento se realiz\u00f3 en Villa Prosperidad<\/p>\n","protected":false},"author":4,"featured_media":363611,"comment_status":"closed","ping_status":"closed","sticky":false,"template":"","format":"standard","meta":[],"categories":[103],"tags":[],"_links":{"self":[{"href":"http:\/\/www.noticiasdelparana.com.ar\/NuevaEdicion\/wp-json\/wp\/v2\/posts\/363615"}],"collection":[{"href":"http:\/\/www.noticiasdelparana.com.ar\/NuevaEdicion\/wp-json\/wp\/v2\/posts"}],"about":[{"href":"http:\/\/www.noticiasdelparana.com.ar\/NuevaEdicion\/wp-json\/wp\/v2\/types\/post"}],"author":[{"embeddable":true,"href":"http:\/\/www.noticiasdelparana.com.ar\/NuevaEdicion\/wp-json\/wp\/v2\/users\/4"}],"replies":[{"embeddable":true,"href":"http:\/\/www.noticiasdelparana.com.ar\/NuevaEdicion\/wp-json\/wp\/v2\/comments?post=363615"}],"version-history":[{"count":1,"href":"http:\/\/www.noticiasdelparana.com.ar\/NuevaEdicion\/wp-json\/wp\/v2\/posts\/363615\/revisions"}],"predecessor-version":[{"id":363617,"href":"http:\/\/www.noticiasdelparana.com.ar\/NuevaEdicion\/wp-json\/wp\/v2\/posts\/363615\/revisions\/363617"}],"wp:featuredmedia":[{"embeddable":true,"href":"http:\/\/www.noticiasdelparana.com.ar\/NuevaEdicion\/wp-json\/wp\/v2\/media\/363611"}],"wp:attachment":[{"href":"http:\/\/www.noticiasdelparana.com.ar\/NuevaEdicion\/wp-json\/wp\/v2\/media?parent=363615"}],"wp:term":[{"taxonomy":"category","embeddable":true,"href":"http:\/\/www.noticiasdelparana.com.ar\/NuevaEdicion\/wp-json\/wp\/v2\/categories?post=363615"},{"taxonomy":"post_tag","embeddable":true,"href":"http:\/\/www.noticiasdelparana.com.ar\/NuevaEdicion\/wp-json\/wp\/v2\/tags?post=363615"}],"curies":[{"name":"wp","href":"https:\/\/api.w.org\/{rel}","templated":true}]}}