{"id":363616,"date":"2026-05-01T08:32:26","date_gmt":"2026-05-01T11:32:26","guid":{"rendered":"http:\/\/www.noticiasdelparana.com.ar\/NuevaEdicion\/?p=363616"},"modified":"2026-05-01T08:32:30","modified_gmt":"2026-05-01T11:32:30","slug":"resistencia-realizaran-dos-nuevas-subastas-judiciales-electronicas-de-inmuebles","status":"publish","type":"post","link":"http:\/\/www.noticiasdelparana.com.ar\/NuevaEdicion\/2026\/05\/01\/resistencia-realizaran-dos-nuevas-subastas-judiciales-electronicas-de-inmuebles\/","title":{"rendered":"RESISTENCIA: Realizar\u00e1n Dos Nuevas Subastas Judiciales Electr\u00f3nicas De Inmuebles"},"content":{"rendered":"\n<p>Este sistema permite a las personas interesadas participar de manera online, garantizando mayor transparencia, publicidad y accesibilidad en los procesos de remate.<\/p>\n\n\n\n<p>Las subastas se realizar\u00e1n por orden de la jueza del Juzgado Civil y Comercial N\u00b0 7, Dra. Ana Karina Yagas en el Expte. 7056\/1996-1C.<br><\/p>\n\n\n\n<p>Primer inmueble<\/p>\n\n\n\n<p>Se trata de uno comercial ubicado en calle Vedia N\u00b0 127, 129 y 131 de la ciudad de Resistencia, con una superficie total de 265 m\u00b2. Se encuentra libre de ocupantes y emplazado en una zona estrat\u00e9gica del \u00e1rea c\u00e9ntrica.<\/p>\n\n\n\n<p>La subasta electr\u00f3nica comenzar\u00e1 el 12 de mayo de 2026 a las 11 y finalizar\u00e1 el 22 de mayo de 2026 a la misma hora.<\/p>\n\n\n\n<p>El valor de base fue fijado en $196.844.265.<br><\/p>\n\n\n\n<p>Segundo inmueble<\/p>\n\n\n\n<p>Est\u00e1 ubicado en calle Concepci\u00f3n del Bermejo N\u00b0 325, tambi\u00e9n en la ciudad de Resistencia, con una superficie total de 250 m\u00b2. Seg\u00fan acta de constataci\u00f3n, el inmueble se encuentra ocupado.<\/p>\n\n\n\n<p>La subasta iniciar\u00e1 el 11 de mayo de 2026 a las 11 y concluir\u00e1 el 21 de mayo de 2026 a la misma hora.<\/p>\n\n\n\n<p>El valor base establecido es de $78.566.400.<br><\/p>\n\n\n\n<p>Participaci\u00f3n y consultas<\/p>\n\n\n\n<p>Las personas interesadas en participar deber\u00e1n registrarse previamente como postores en el sitio oficial de subastas del Poder Judicial del Chaco https:\/\/subastas.justiciachaco.gov.ar\/&nbsp; donde podr\u00e1n acceder a la informaci\u00f3n completa de cada bien y realizar sus ofertas.<\/p>\n","protected":false},"excerpt":{"rendered":"<p>01-May-26 El Poder Judicial del Chaco informa la realizaci\u00f3n de dos subastas judiciales electr\u00f3nicas de inmuebles ubicados en la ciudad de Resistencia, las cuales se llevar\u00e1n a cabo a trav\u00e9s de la plataforma oficial de subastas electr\u00f3nicas.<\/p>\n","protected":false},"author":3,"featured_media":363620,"comment_status":"closed","ping_status":"closed","sticky":false,"template":"","format":"standard","meta":[],"categories":[102],"tags":[],"_links":{"self":[{"href":"http:\/\/www.noticiasdelparana.com.ar\/NuevaEdicion\/wp-json\/wp\/v2\/posts\/363616"}],"collection":[{"href":"http:\/\/www.noticiasdelparana.com.ar\/NuevaEdicion\/wp-json\/wp\/v2\/posts"}],"about":[{"href":"http:\/\/www.noticiasdelparana.com.ar\/NuevaEdicion\/wp-json\/wp\/v2\/types\/post"}],"author":[{"embeddable":true,"href":"http:\/\/www.noticiasdelparana.com.ar\/NuevaEdicion\/wp-json\/wp\/v2\/users\/3"}],"replies":[{"embeddable":true,"href":"http:\/\/www.noticiasdelparana.com.ar\/NuevaEdicion\/wp-json\/wp\/v2\/comments?post=363616"}],"version-history":[{"count":1,"href":"http:\/\/www.noticiasdelparana.com.ar\/NuevaEdicion\/wp-json\/wp\/v2\/posts\/363616\/revisions"}],"predecessor-version":[{"id":363621,"href":"http:\/\/www.noticiasdelparana.com.ar\/NuevaEdicion\/wp-json\/wp\/v2\/posts\/363616\/revisions\/363621"}],"wp:featuredmedia":[{"embeddable":true,"href":"http:\/\/www.noticiasdelparana.com.ar\/NuevaEdicion\/wp-json\/wp\/v2\/media\/363620"}],"wp:attachment":[{"href":"http:\/\/www.noticiasdelparana.com.ar\/NuevaEdicion\/wp-json\/wp\/v2\/media?parent=363616"}],"wp:term":[{"taxonomy":"category","embeddable":true,"href":"http:\/\/www.noticiasdelparana.com.ar\/NuevaEdicion\/wp-json\/wp\/v2\/categories?post=363616"},{"taxonomy":"post_tag","embeddable":true,"href":"http:\/\/www.noticiasdelparana.com.ar\/NuevaEdicion\/wp-json\/wp\/v2\/tags?post=363616"}],"curies":[{"name":"wp","href":"https:\/\/api.w.org\/{rel}","templated":true}]}}