{"id":363622,"date":"2026-05-01T08:34:43","date_gmt":"2026-05-01T11:34:43","guid":{"rendered":"http:\/\/www.noticiasdelparana.com.ar\/NuevaEdicion\/?p=363622"},"modified":"2026-05-01T08:34:48","modified_gmt":"2026-05-01T11:34:48","slug":"chaco-fortalecen-procesos-de-adopcion-y-la-proteccion-integral-de-ninas-ninos-y-adolescentes","status":"publish","type":"post","link":"http:\/\/www.noticiasdelparana.com.ar\/NuevaEdicion\/2026\/05\/01\/chaco-fortalecen-procesos-de-adopcion-y-la-proteccion-integral-de-ninas-ninos-y-adolescentes\/","title":{"rendered":"CHACO: Fortalecen Procesos De Adopci\u00f3n Y La Protecci\u00f3n Integral De Ni\u00f1as, Ni\u00f1os Y Adolescentes"},"content":{"rendered":"\n<p>Durante el encuentro se abordaron diversas tem\u00e1ticas vinculadas al fortalecimiento del trabajo articulado y la coordinaci\u00f3n interinstitucional, con el objetivo de optimizar las intervenciones en los procesos de adopci\u00f3n, garantizando el cumplimiento de los plazos legales y promoviendo un enfoque respetuoso de los derechos de ni\u00f1as, ni\u00f1os y adolescentes.<\/p>\n\n\n\n<p>En este marco, se realiz\u00f3 una puesta en com\u00fan sobre el abordaje interdisciplinario, la identificaci\u00f3n de distintos supuestos de vulneraci\u00f3n de derechos, as\u00ed como tambi\u00e9n sobre los aspectos positivos de la intervenci\u00f3n conjunta entre los distintos actores judiciales y las asesor\u00edas.<\/p>\n\n\n\n<p>Asimismo, se analizaron las caracter\u00edsticas y la evaluaci\u00f3n de las figuras de cuidado alternativo al familiar, en el marco de la normativa vigente, junto con las responsabilidades institucionales implicadas. Tambi\u00e9n se avanz\u00f3 en la definici\u00f3n de metodolog\u00edas para la evaluaci\u00f3n t\u00e9cnica y el acompa\u00f1amiento de ni\u00f1as, ni\u00f1os y adolescentes sin cuidados parentales, especialmente en procesos de vinculaci\u00f3n adoptiva.<\/p>\n","protected":false},"excerpt":{"rendered":"<p> 01-May-26   D\u00edas atr\u00e1s se a cabo una reuni\u00f3n de trabajo entre las Asesoras de Ni\u00f1as, Ni\u00f1os y Adolescentes Civiles de la Primera Circunscripci\u00f3n Judicial, la Directora de Equipos Interdisciplinarios y la Secretaria a cargo del Registro Centralizado de Adoptantes del Poder Judicial.<\/p>\n","protected":false},"author":3,"featured_media":363623,"comment_status":"closed","ping_status":"closed","sticky":false,"template":"","format":"standard","meta":[],"categories":[98],"tags":[],"_links":{"self":[{"href":"http:\/\/www.noticiasdelparana.com.ar\/NuevaEdicion\/wp-json\/wp\/v2\/posts\/363622"}],"collection":[{"href":"http:\/\/www.noticiasdelparana.com.ar\/NuevaEdicion\/wp-json\/wp\/v2\/posts"}],"about":[{"href":"http:\/\/www.noticiasdelparana.com.ar\/NuevaEdicion\/wp-json\/wp\/v2\/types\/post"}],"author":[{"embeddable":true,"href":"http:\/\/www.noticiasdelparana.com.ar\/NuevaEdicion\/wp-json\/wp\/v2\/users\/3"}],"replies":[{"embeddable":true,"href":"http:\/\/www.noticiasdelparana.com.ar\/NuevaEdicion\/wp-json\/wp\/v2\/comments?post=363622"}],"version-history":[{"count":1,"href":"http:\/\/www.noticiasdelparana.com.ar\/NuevaEdicion\/wp-json\/wp\/v2\/posts\/363622\/revisions"}],"predecessor-version":[{"id":363624,"href":"http:\/\/www.noticiasdelparana.com.ar\/NuevaEdicion\/wp-json\/wp\/v2\/posts\/363622\/revisions\/363624"}],"wp:featuredmedia":[{"embeddable":true,"href":"http:\/\/www.noticiasdelparana.com.ar\/NuevaEdicion\/wp-json\/wp\/v2\/media\/363623"}],"wp:attachment":[{"href":"http:\/\/www.noticiasdelparana.com.ar\/NuevaEdicion\/wp-json\/wp\/v2\/media?parent=363622"}],"wp:term":[{"taxonomy":"category","embeddable":true,"href":"http:\/\/www.noticiasdelparana.com.ar\/NuevaEdicion\/wp-json\/wp\/v2\/categories?post=363622"},{"taxonomy":"post_tag","embeddable":true,"href":"http:\/\/www.noticiasdelparana.com.ar\/NuevaEdicion\/wp-json\/wp\/v2\/tags?post=363622"}],"curies":[{"name":"wp","href":"https:\/\/api.w.org\/{rel}","templated":true}]}}