{"id":363625,"date":"2026-05-01T09:01:37","date_gmt":"2026-05-01T12:01:37","guid":{"rendered":"http:\/\/www.noticiasdelparana.com.ar\/NuevaEdicion\/?p=363625"},"modified":"2026-05-01T09:01:42","modified_gmt":"2026-05-01T12:01:42","slug":"corrientes-control-animal-donde-habra-operativos-de-vacunacion-y-prevencion","status":"publish","type":"post","link":"http:\/\/www.noticiasdelparana.com.ar\/NuevaEdicion\/2026\/05\/01\/corrientes-control-animal-donde-habra-operativos-de-vacunacion-y-prevencion\/","title":{"rendered":"CORRIENTES: Control Animal: D\u00f3nde Habr\u00e1 Operativos De Vacunaci\u00f3n Y Prevenci\u00f3n"},"content":{"rendered":"\n<p>El Gobierno de Corrientes llevar\u00e1 adelante jornadas de prevenci\u00f3n y control en el marco del D\u00eda del Animal en Argentina. Las actividades se desarrollar\u00e1n en la capital provincial y en distintas localidades del interior.<\/p>\n\n\n\n<p>Operativos<\/p>\n\n\n\n<p>Las acciones incluir\u00e1n vacunaci\u00f3n antirr\u00e1bica, difusi\u00f3n de medidas de prevenci\u00f3n de zoonosis y promoci\u00f3n de la tenencia responsable.<\/p>\n\n\n\n<p>Ciudad de Corrientes:<\/p>\n\n\n\n<p>Costanera Sur (29 de abril de 9 a 12).<\/p>\n\n\n\n<p>Plaza Juan de Vera (29 y 30 de abril de 9 a 12).<\/p>\n\n\n\n<p>Facultad de Ciencias Veterinarias (30 de abril de 8 a 12).&nbsp;<\/p>\n\n\n\n<p>Tambi\u00e9n se entregar\u00e1 material educativo y se informar\u00e1 sobre enfermedades prioritarias como rabia, leishmaniasis, hidatidosis y parasitosis.&nbsp;<\/p>\n\n\n\n<p>Los municipios realizar\u00e1n actividades similares con apoyo del Programa Provincial de Tenencia Responsable de Mascotas. En Virasoro, Esquina, Perugorr\u00eda e Ituzaing\u00f3 se programaron operativos con vacunaci\u00f3n y atenci\u00f3n veterinaria.<\/p>\n\n\n\n<p>En algunos casos tambi\u00e9n se incluir\u00e1n desparasitaci\u00f3n, esterilizaci\u00f3n y diagn\u00f3stico de enfermedades zoon\u00f3ticas. Las acciones se desarrollan de manera coordinada entre el Ministerio de Salud P\u00fablica y los equipos locales.<\/p>\n","protected":false},"excerpt":{"rendered":"<p>01-May-26 Las actividades incluyen atenci\u00f3n veterinaria y promoci\u00f3n de tenencia responsable en toda la provincia.<\/p>\n","protected":false},"author":3,"featured_media":363626,"comment_status":"closed","ping_status":"closed","sticky":false,"template":"","format":"standard","meta":[],"categories":[139],"tags":[],"_links":{"self":[{"href":"http:\/\/www.noticiasdelparana.com.ar\/NuevaEdicion\/wp-json\/wp\/v2\/posts\/363625"}],"collection":[{"href":"http:\/\/www.noticiasdelparana.com.ar\/NuevaEdicion\/wp-json\/wp\/v2\/posts"}],"about":[{"href":"http:\/\/www.noticiasdelparana.com.ar\/NuevaEdicion\/wp-json\/wp\/v2\/types\/post"}],"author":[{"embeddable":true,"href":"http:\/\/www.noticiasdelparana.com.ar\/NuevaEdicion\/wp-json\/wp\/v2\/users\/3"}],"replies":[{"embeddable":true,"href":"http:\/\/www.noticiasdelparana.com.ar\/NuevaEdicion\/wp-json\/wp\/v2\/comments?post=363625"}],"version-history":[{"count":1,"href":"http:\/\/www.noticiasdelparana.com.ar\/NuevaEdicion\/wp-json\/wp\/v2\/posts\/363625\/revisions"}],"predecessor-version":[{"id":363627,"href":"http:\/\/www.noticiasdelparana.com.ar\/NuevaEdicion\/wp-json\/wp\/v2\/posts\/363625\/revisions\/363627"}],"wp:featuredmedia":[{"embeddable":true,"href":"http:\/\/www.noticiasdelparana.com.ar\/NuevaEdicion\/wp-json\/wp\/v2\/media\/363626"}],"wp:attachment":[{"href":"http:\/\/www.noticiasdelparana.com.ar\/NuevaEdicion\/wp-json\/wp\/v2\/media?parent=363625"}],"wp:term":[{"taxonomy":"category","embeddable":true,"href":"http:\/\/www.noticiasdelparana.com.ar\/NuevaEdicion\/wp-json\/wp\/v2\/categories?post=363625"},{"taxonomy":"post_tag","embeddable":true,"href":"http:\/\/www.noticiasdelparana.com.ar\/NuevaEdicion\/wp-json\/wp\/v2\/tags?post=363625"}],"curies":[{"name":"wp","href":"https:\/\/api.w.org\/{rel}","templated":true}]}}