{"id":363628,"date":"2026-05-01T09:05:19","date_gmt":"2026-05-01T12:05:19","guid":{"rendered":"http:\/\/www.noticiasdelparana.com.ar\/NuevaEdicion\/?p=363628"},"modified":"2026-05-01T09:06:12","modified_gmt":"2026-05-01T12:06:12","slug":"corrientes-alerta-por-tormentas-cuando-empieza-a-llover-y-que-zonas-afectara","status":"publish","type":"post","link":"http:\/\/www.noticiasdelparana.com.ar\/NuevaEdicion\/2026\/05\/01\/corrientes-alerta-por-tormentas-cuando-empieza-a-llover-y-que-zonas-afectara\/","title":{"rendered":"CORRIENTES: Alerta Por Tormentas: Cu\u00e1ndo Empieza A Llover Y Qu\u00e9 Zonas Afectar\u00e1"},"content":{"rendered":"\n<p>La provincia de Corrientes se encuentra bajo vigilancia meteorol\u00f3gica estricta tras el anuncio del Servicio Meteorol\u00f3gico Nacional (SMN), que emiti\u00f3 una doble alerta por lluvias y tormentas de variada intensidad.<\/p>\n\n\n\n<p>Seg\u00fan el organismo, las condiciones clim\u00e1ticas comenzar\u00e1n a deteriorarse durante la madrugada de este viernes y se mantendr\u00e1n inestables hasta las primeras horas del s\u00e1bado.<\/p>\n\n\n\n<p>El fen\u00f3meno afectar\u00e1 a la totalidad del territorio correntino, aunque con distintos niveles de riesgo seg\u00fan la zona geogr\u00e1fica, incluyendo la posibilidad de ca\u00edda de granizo y una fuerte actividad el\u00e9ctrica.<\/p>\n\n\n\n<p>Alerta naranja: riesgo en la costa del Uruguay<\/p>\n\n\n\n<p>La situaci\u00f3n m\u00e1s cr\u00edtica se pronostica para los departamentos de la zona este, incluyendo General Alvear, Paso de los Libres, San Mart\u00edn y Santo Tom\u00e9, entre otras localidades bajo alerta naranja.<\/p>\n\n\n\n<p>En esta regi\u00f3n se esperan tormentas localmente severas con las siguientes caracter\u00edsticas:<\/p>\n\n\n\n<p>Precipitaciones: acumulados de entre 80 y 110 mm, pudiendo ser superados de forma puntual.<\/p>\n\n\n\n<p>Viento: r\u00e1fagas que podr\u00edan superar los 70 km\/h.<\/p>\n\n\n\n<p>Fen\u00f3menos: abundante ca\u00edda de agua en periodos cortos, actividad el\u00e9ctrica frecuente y probable ca\u00edda de granizo.<\/p>\n\n\n\n<p>Alerta amarilla en Capital y alrededores<\/p>\n\n\n\n<p>Para la ciudad de Corrientes y las zonas aleda\u00f1as rige un alerta amarilla. Si bien el nivel de riesgo es menor que en el interior, el \u00e1rea ser\u00e1 afectada por tormentas y lluvias intensas. Los valores de precipitaci\u00f3n acumulada se ubicar\u00e1n entre los 50 y 80 mm.<\/p>\n\n\n\n<p>Al igual que en el resto de la provincia, no se descartan r\u00e1fagas fuertes y ca\u00edda de granizo, acompa\u00f1ados por una intensa actividad el\u00e9ctrica. El SMN recomienda a los vecinos evitar sacar la basura y no refugiarse cerca de \u00e1rboles o postes de electricidad.<\/p>\n\n\n\n<p>Descenso de temperatura<\/p>\n\n\n\n<p>El ingreso de este frente de tormentas traer\u00e1 aparejado un alivio t\u00e9rmico tras las jornadas de calor. Se espera un notable descenso de la temperatura en toda la provincia, con marcas m\u00e1ximas que no superar\u00e1n los 25 grados durante el viernes y el s\u00e1bado, marcando el inicio de un fin de semana con condiciones netamente oto\u00f1ales.<\/p>\n","protected":false},"excerpt":{"rendered":"<p>01-May-26 El Servicio Meteorol\u00f3gico Nacional advirti\u00f3 que se esperan precipitaciones de hasta 110 mm en algunas zonas.<\/p>\n","protected":false},"author":3,"featured_media":363629,"comment_status":"closed","ping_status":"closed","sticky":false,"template":"","format":"standard","meta":[],"categories":[139],"tags":[],"_links":{"self":[{"href":"http:\/\/www.noticiasdelparana.com.ar\/NuevaEdicion\/wp-json\/wp\/v2\/posts\/363628"}],"collection":[{"href":"http:\/\/www.noticiasdelparana.com.ar\/NuevaEdicion\/wp-json\/wp\/v2\/posts"}],"about":[{"href":"http:\/\/www.noticiasdelparana.com.ar\/NuevaEdicion\/wp-json\/wp\/v2\/types\/post"}],"author":[{"embeddable":true,"href":"http:\/\/www.noticiasdelparana.com.ar\/NuevaEdicion\/wp-json\/wp\/v2\/users\/3"}],"replies":[{"embeddable":true,"href":"http:\/\/www.noticiasdelparana.com.ar\/NuevaEdicion\/wp-json\/wp\/v2\/comments?post=363628"}],"version-history":[{"count":1,"href":"http:\/\/www.noticiasdelparana.com.ar\/NuevaEdicion\/wp-json\/wp\/v2\/posts\/363628\/revisions"}],"predecessor-version":[{"id":363630,"href":"http:\/\/www.noticiasdelparana.com.ar\/NuevaEdicion\/wp-json\/wp\/v2\/posts\/363628\/revisions\/363630"}],"wp:featuredmedia":[{"embeddable":true,"href":"http:\/\/www.noticiasdelparana.com.ar\/NuevaEdicion\/wp-json\/wp\/v2\/media\/363629"}],"wp:attachment":[{"href":"http:\/\/www.noticiasdelparana.com.ar\/NuevaEdicion\/wp-json\/wp\/v2\/media?parent=363628"}],"wp:term":[{"taxonomy":"category","embeddable":true,"href":"http:\/\/www.noticiasdelparana.com.ar\/NuevaEdicion\/wp-json\/wp\/v2\/categories?post=363628"},{"taxonomy":"post_tag","embeddable":true,"href":"http:\/\/www.noticiasdelparana.com.ar\/NuevaEdicion\/wp-json\/wp\/v2\/tags?post=363628"}],"curies":[{"name":"wp","href":"https:\/\/api.w.org\/{rel}","templated":true}]}}