{"id":363631,"date":"2026-05-01T09:07:41","date_gmt":"2026-05-01T12:07:41","guid":{"rendered":"http:\/\/www.noticiasdelparana.com.ar\/NuevaEdicion\/?p=363631"},"modified":"2026-05-01T09:07:45","modified_gmt":"2026-05-01T12:07:45","slug":"corrientes-confirmaron-rastros-de-puma-en-la-isla-apipe-y-reforzaron-las-medidas-de-seguridad","status":"publish","type":"post","link":"http:\/\/www.noticiasdelparana.com.ar\/NuevaEdicion\/2026\/05\/01\/corrientes-confirmaron-rastros-de-puma-en-la-isla-apipe-y-reforzaron-las-medidas-de-seguridad\/","title":{"rendered":"CORRIENTES: Confirmaron Rastros De Puma En La Isla Apip\u00e9 Y Reforzaron Las Medidas De Seguridad"},"content":{"rendered":"\n<p>Confirmaron la presencia de un puma en la Isla Apip\u00e9 tras una intervenci\u00f3n policial en el paraje Puerto Tala, donde se denunciaron ataques a animales. Personal especializado constat\u00f3 huellas que coinciden con las de este felino y activ\u00f3 medidas preventivas en la zona.<\/p>\n\n\n\n<p>El procedimiento estuvo a cargo de la Polic\u00eda de Seguridad Rural y Ecol\u00f3gica de Ituzaing\u00f3, que acudi\u00f3 luego de reportes por las muertes de un ternero y un caballo. La comisi\u00f3n fue encabezada por el comisario inspector Marcelino Cardozo junto al oficial principal Andr\u00e9s Toledo.<\/p>\n\n\n\n<p>Durante la inspecci\u00f3n ocular, realizada en conjunto con la Comisar\u00eda de Apip\u00e9 y guardaparques provinciales, se identificaron rastros compatibles con el puma. Las caracter\u00edsticas morfol\u00f3gicas y el tama\u00f1o de las huellas fueron claves para la evaluaci\u00f3n inicial.<\/p>\n\n\n\n<p>Refuerzan controles en \u00e1reas rurales<\/p>\n\n\n\n<p>En respuesta a la situaci\u00f3n, se coordin\u00f3 un trabajo conjunto con el municipio de San Antonio para intensificar patrullajes en sectores rurales. Tambi\u00e9n se avanzar\u00e1 en tareas de monitoreo con guardaparques y acciones de concientizaci\u00f3n para los pobladores.<\/p>\n\n\n\n<p>Las autoridades recomendaron:<\/p>\n\n\n\n<p>Resguardar el ganado durante la noche<\/p>\n\n\n\n<p>Evitar dejar restos org\u00e1nicos al aire libre<\/p>\n\n\n\n<p>No intervenir ante la presencia del animal. Se trata de una especie protegida.<\/p>\n\n\n\n<p>De todas maneras, continuar\u00e1n las tareas preventivas y el seguimiento del caso en la zona para evitar nuevos incidentes.<\/p>\n","protected":false},"excerpt":{"rendered":"<p>01-May-26 Tras varios ataques a animales en el paraje Puerto Tala, se encontraron huellas compatibles con el felino silvestre.<\/p>\n","protected":false},"author":3,"featured_media":363632,"comment_status":"closed","ping_status":"closed","sticky":false,"template":"","format":"standard","meta":[],"categories":[139],"tags":[],"_links":{"self":[{"href":"http:\/\/www.noticiasdelparana.com.ar\/NuevaEdicion\/wp-json\/wp\/v2\/posts\/363631"}],"collection":[{"href":"http:\/\/www.noticiasdelparana.com.ar\/NuevaEdicion\/wp-json\/wp\/v2\/posts"}],"about":[{"href":"http:\/\/www.noticiasdelparana.com.ar\/NuevaEdicion\/wp-json\/wp\/v2\/types\/post"}],"author":[{"embeddable":true,"href":"http:\/\/www.noticiasdelparana.com.ar\/NuevaEdicion\/wp-json\/wp\/v2\/users\/3"}],"replies":[{"embeddable":true,"href":"http:\/\/www.noticiasdelparana.com.ar\/NuevaEdicion\/wp-json\/wp\/v2\/comments?post=363631"}],"version-history":[{"count":1,"href":"http:\/\/www.noticiasdelparana.com.ar\/NuevaEdicion\/wp-json\/wp\/v2\/posts\/363631\/revisions"}],"predecessor-version":[{"id":363633,"href":"http:\/\/www.noticiasdelparana.com.ar\/NuevaEdicion\/wp-json\/wp\/v2\/posts\/363631\/revisions\/363633"}],"wp:featuredmedia":[{"embeddable":true,"href":"http:\/\/www.noticiasdelparana.com.ar\/NuevaEdicion\/wp-json\/wp\/v2\/media\/363632"}],"wp:attachment":[{"href":"http:\/\/www.noticiasdelparana.com.ar\/NuevaEdicion\/wp-json\/wp\/v2\/media?parent=363631"}],"wp:term":[{"taxonomy":"category","embeddable":true,"href":"http:\/\/www.noticiasdelparana.com.ar\/NuevaEdicion\/wp-json\/wp\/v2\/categories?post=363631"},{"taxonomy":"post_tag","embeddable":true,"href":"http:\/\/www.noticiasdelparana.com.ar\/NuevaEdicion\/wp-json\/wp\/v2\/tags?post=363631"}],"curies":[{"name":"wp","href":"https:\/\/api.w.org\/{rel}","templated":true}]}}