{"id":363634,"date":"2026-05-01T09:12:12","date_gmt":"2026-05-01T12:12:12","guid":{"rendered":"http:\/\/www.noticiasdelparana.com.ar\/NuevaEdicion\/?p=363634"},"modified":"2026-05-01T09:12:17","modified_gmt":"2026-05-01T12:12:17","slug":"corrientes-robo-una-mochila-con-dinero-en-la-provincia-y-cayo-cuando-huia-a-buenos-aires","status":"publish","type":"post","link":"http:\/\/www.noticiasdelparana.com.ar\/NuevaEdicion\/2026\/05\/01\/corrientes-robo-una-mochila-con-dinero-en-la-provincia-y-cayo-cuando-huia-a-buenos-aires\/","title":{"rendered":"CORRIENTES: Rob\u00f3 Una Mochila Con Dinero En La Provincia Y Cay\u00f3 Cuando Hu\u00eda A Buenos Aires"},"content":{"rendered":"\n<p>La Polic\u00eda de Corrientes logr\u00f3 detener este jueves a un joven de apellido S\u00e1nchez, acusado de haber sustra\u00eddo una mochila con una importante suma de dinero y una computadora del interior de un veh\u00edculo estacionado en la capital provincial.&nbsp;<\/p>\n\n\n\n<p>El sospechoso fue capturado mientras intentaba escapar hacia la provincia de Buenos Aires a bordo de un colectivo de larga distancia.<\/p>\n\n\n\n<p>El hecho delictivo se produjo el mi\u00e9rcoles en la intersecci\u00f3n de la avenida Juan Torres de Vera y Arag\u00f3n y la calle San Lorenzo. La v\u00edctima denunci\u00f3 que, tras dejar su auto estacionado se llevaron una mochila que conten\u00eda moneda nacional, divisas extranjeras y una notebook marca Lenovo.<\/p>\n\n\n\n<p>C\u00e1maras, remises y una fuga frustrada<\/p>\n\n\n\n<p>La Direcci\u00f3n de Investigaci\u00f3n Criminal (DIC) inici\u00f3 las tareas de campo analizando los registros f\u00edlmicos de la zona. Las c\u00e1maras permitieron identificar al autor del hecho y el momento exacto en que abordaba un rem\u00eds para alejarse del lugar.<\/p>\n\n\n\n<p>Al localizar al chofer del veh\u00edculo de alquiler, los efectivos determinaron que el sospechoso se hab\u00eda dirigido a un domicilio del barrio Jard\u00edn y que, poco despu\u00e9s, se hab\u00eda trasladado a la terminal de \u00f3mnibus con un pasaje hacia Buenos Aires.<\/p>\n\n\n\n<p>Con esta informaci\u00f3n, se emiti\u00f3 una alerta roja a todas las dependencias de las rutas nacionales. El trabajo coordinado dio frutos cuando personal de la Comisar\u00eda de distrito Primera de Curuz\u00fa Cuati\u00e1 intercept\u00f3 el \u00f3mnibus en el que viajaba S\u00e1nchez.<\/p>\n\n\n\n<p>Un handy y recupero de bienes<\/p>\n\n\n\n<p>Al momento de la demora, los efectivos realizaron una requisa y hallaron entre las pertenencias del sospechoso dinero en efectivo, un handy y prendas de vestir.<\/p>\n\n\n\n<p>Paralelamente, la Divisi\u00f3n de Investigaci\u00f3n Criminal de Mercedes logr\u00f3 recuperar la notebook Lenovo de la v\u00edctima, la cual hab\u00eda sido abandonada o despachada en la terminal de esa localidad durante una de las paradas del micro.<\/p>\n\n\n\n<p>Tanto el detenido como los elementos secuestrados fueron puestos a disposici\u00f3n de la Unidad Fiscal interviniente para continuar con las diligencias judiciales de rigor.<\/p>\n","protected":false},"excerpt":{"rendered":"<p>01-May-26 El sospechoso fue identificado mediante c\u00e1maras de seguridad tras el hurto de pertenencias del interior de un veh\u00edculo en la capital correntina.<\/p>\n","protected":false},"author":3,"featured_media":363635,"comment_status":"closed","ping_status":"closed","sticky":false,"template":"","format":"standard","meta":[],"categories":[139],"tags":[],"_links":{"self":[{"href":"http:\/\/www.noticiasdelparana.com.ar\/NuevaEdicion\/wp-json\/wp\/v2\/posts\/363634"}],"collection":[{"href":"http:\/\/www.noticiasdelparana.com.ar\/NuevaEdicion\/wp-json\/wp\/v2\/posts"}],"about":[{"href":"http:\/\/www.noticiasdelparana.com.ar\/NuevaEdicion\/wp-json\/wp\/v2\/types\/post"}],"author":[{"embeddable":true,"href":"http:\/\/www.noticiasdelparana.com.ar\/NuevaEdicion\/wp-json\/wp\/v2\/users\/3"}],"replies":[{"embeddable":true,"href":"http:\/\/www.noticiasdelparana.com.ar\/NuevaEdicion\/wp-json\/wp\/v2\/comments?post=363634"}],"version-history":[{"count":1,"href":"http:\/\/www.noticiasdelparana.com.ar\/NuevaEdicion\/wp-json\/wp\/v2\/posts\/363634\/revisions"}],"predecessor-version":[{"id":363636,"href":"http:\/\/www.noticiasdelparana.com.ar\/NuevaEdicion\/wp-json\/wp\/v2\/posts\/363634\/revisions\/363636"}],"wp:featuredmedia":[{"embeddable":true,"href":"http:\/\/www.noticiasdelparana.com.ar\/NuevaEdicion\/wp-json\/wp\/v2\/media\/363635"}],"wp:attachment":[{"href":"http:\/\/www.noticiasdelparana.com.ar\/NuevaEdicion\/wp-json\/wp\/v2\/media?parent=363634"}],"wp:term":[{"taxonomy":"category","embeddable":true,"href":"http:\/\/www.noticiasdelparana.com.ar\/NuevaEdicion\/wp-json\/wp\/v2\/categories?post=363634"},{"taxonomy":"post_tag","embeddable":true,"href":"http:\/\/www.noticiasdelparana.com.ar\/NuevaEdicion\/wp-json\/wp\/v2\/tags?post=363634"}],"curies":[{"name":"wp","href":"https:\/\/api.w.org\/{rel}","templated":true}]}}