{"id":363637,"date":"2026-05-01T09:15:43","date_gmt":"2026-05-01T12:15:43","guid":{"rendered":"http:\/\/www.noticiasdelparana.com.ar\/NuevaEdicion\/?p=363637"},"modified":"2026-05-01T09:15:46","modified_gmt":"2026-05-01T12:15:46","slug":"corrientes-un-detenido-por-la-muerte-de-un-hombre-en-una-zona-rural-de-beron-de-astrada","status":"publish","type":"post","link":"http:\/\/www.noticiasdelparana.com.ar\/NuevaEdicion\/2026\/05\/01\/corrientes-un-detenido-por-la-muerte-de-un-hombre-en-una-zona-rural-de-beron-de-astrada\/","title":{"rendered":"CORRIENTES: Un Detenido Por La Muerte De Un Hombre En Una Zona Rural De Ber\u00f3n De Astrada"},"content":{"rendered":"\n<p>La Polic\u00eda de Corrientes inform\u00f3 que el mi\u00e9rcoles detuvo a una persona vinculada a un homicidio en la localidad de Ber\u00f3n de Astrada. Adem\u00e1s, se secuestraron elementos de relevancia para el caso.<\/p>\n\n\n\n<p>Durante la ma\u00f1ana del mi\u00e9rcoles 29 de abril, se iniciaron actuaciones investigativas tras ser alertada sobre la presencia de un cuerpo.<\/p>\n\n\n\n<p>El hallazgo se produjo en un sendero rural del Paraje Toro Pichay, en una zona de monte situada en las inmediaciones de la Ruta Provincial N\u00b0 15 y un camino rural.<\/p>\n\n\n\n<p>La v\u00edctima y las lesiones<\/p>\n\n\n\n<p>Al arribar al lugar, los efectivos constataron que se trataba de un hombre de 38 a\u00f1os de edad.<\/p>\n\n\n\n<p>Tras una primera inspecci\u00f3n, se confirm\u00f3 que el cuerpo presentaba heridas compatibles con impactos de arma de fuego, lo que dio un giro inmediato a la causa hacia una investigaci\u00f3n por homicidio.<\/p>\n\n\n\n<p>Detenci\u00f3n y secuestro de pruebas<\/p>\n\n\n\n<p>En el marco de las diligencias coordinadas con la Unidad Fiscal, la Polic\u00eda logr\u00f3 la aprehensi\u00f3n de un joven de 18 a\u00f1os.<\/p>\n\n\n\n<p>El sospechoso fue vinculado inicialmente con el hecho tras el secuestro de diversos elementos de inter\u00e9s para la causa, entre los que se destacan:<\/p>\n\n\n\n<p>Un arma de aire comprimido.<\/p>\n\n\n\n<p>Cartuchos de proyectiles.<\/p>\n\n\n\n<p>Prendas de vestir y otros objetos personales que ser\u00e1n sometidos a pericias.<\/p>\n\n\n\n<p>Tanto el demorado como los materiales secuestrados fueron trasladados a la dependencia policial y puestos a disposici\u00f3n de la autoridad judicial en turno.&nbsp; En tanto que las investigaciones contin\u00faan para determinar el m\u00f3vil del ataque y el grado de responsabilidad del aprehendido.<\/p>\n","protected":false},"excerpt":{"rendered":"<p>01-May-26 El procedimiento policial incluy\u00f3 el secuestro de prendas y un arma de aire comprimido tras el crimen ocurrido cerca de la Ruta Provincial 15.<\/p>\n","protected":false},"author":3,"featured_media":363638,"comment_status":"closed","ping_status":"closed","sticky":false,"template":"","format":"standard","meta":[],"categories":[139],"tags":[],"_links":{"self":[{"href":"http:\/\/www.noticiasdelparana.com.ar\/NuevaEdicion\/wp-json\/wp\/v2\/posts\/363637"}],"collection":[{"href":"http:\/\/www.noticiasdelparana.com.ar\/NuevaEdicion\/wp-json\/wp\/v2\/posts"}],"about":[{"href":"http:\/\/www.noticiasdelparana.com.ar\/NuevaEdicion\/wp-json\/wp\/v2\/types\/post"}],"author":[{"embeddable":true,"href":"http:\/\/www.noticiasdelparana.com.ar\/NuevaEdicion\/wp-json\/wp\/v2\/users\/3"}],"replies":[{"embeddable":true,"href":"http:\/\/www.noticiasdelparana.com.ar\/NuevaEdicion\/wp-json\/wp\/v2\/comments?post=363637"}],"version-history":[{"count":1,"href":"http:\/\/www.noticiasdelparana.com.ar\/NuevaEdicion\/wp-json\/wp\/v2\/posts\/363637\/revisions"}],"predecessor-version":[{"id":363639,"href":"http:\/\/www.noticiasdelparana.com.ar\/NuevaEdicion\/wp-json\/wp\/v2\/posts\/363637\/revisions\/363639"}],"wp:featuredmedia":[{"embeddable":true,"href":"http:\/\/www.noticiasdelparana.com.ar\/NuevaEdicion\/wp-json\/wp\/v2\/media\/363638"}],"wp:attachment":[{"href":"http:\/\/www.noticiasdelparana.com.ar\/NuevaEdicion\/wp-json\/wp\/v2\/media?parent=363637"}],"wp:term":[{"taxonomy":"category","embeddable":true,"href":"http:\/\/www.noticiasdelparana.com.ar\/NuevaEdicion\/wp-json\/wp\/v2\/categories?post=363637"},{"taxonomy":"post_tag","embeddable":true,"href":"http:\/\/www.noticiasdelparana.com.ar\/NuevaEdicion\/wp-json\/wp\/v2\/tags?post=363637"}],"curies":[{"name":"wp","href":"https:\/\/api.w.org\/{rel}","templated":true}]}}