{"id":363640,"date":"2026-05-01T18:14:53","date_gmt":"2026-05-01T21:14:53","guid":{"rendered":"http:\/\/www.noticiasdelparana.com.ar\/NuevaEdicion\/?p=363640"},"modified":"2026-05-01T18:16:33","modified_gmt":"2026-05-01T21:16:33","slug":"aprovecho-que-no-estaban-en-casa-y-sustrajo-el-celular-de-su-hermana","status":"publish","type":"post","link":"http:\/\/www.noticiasdelparana.com.ar\/NuevaEdicion\/2026\/05\/01\/aprovecho-que-no-estaban-en-casa-y-sustrajo-el-celular-de-su-hermana\/","title":{"rendered":"RESISTENCIA: Aprovech\u00f3 Que No Estaban En Casa Y Sustrajo El Celular De Su Hermana"},"content":{"rendered":"\n<p>Una mujer de 33 a\u00f1os denunci\u00f3 que su hermano habr\u00eda aprovechado que ella y su madre no estaban en casa y sustrajo un celular, una planchita para el cabello y varias ropas. Los agentes de la Comisar\u00eda Duod\u00e9cima Metropolitana se pusieron a investigar y as\u00ed dieron con el sospechoso en pasaje Sarmiento y calle 5.<\/p>\n\n\n\n<p>Luego de la intervenci\u00f3n policial, la fiscal\u00eda dispuso que el ciudadano sea notificado en libertad por la causa de \u201csupuesto hurto\u201d y orden\u00f3 una prohibici\u00f3n de acercamiento hacia la denunciante (su hermana).<\/p>\n","protected":false},"excerpt":{"rendered":"<p>01-May-26 Lo atrap\u00f3 el personal de la Comisar\u00eda Duod\u00e9cima Metropolitana.<\/p>\n","protected":false},"author":3,"featured_media":363689,"comment_status":"closed","ping_status":"closed","sticky":false,"template":"","format":"standard","meta":[],"categories":[103],"tags":[],"_links":{"self":[{"href":"http:\/\/www.noticiasdelparana.com.ar\/NuevaEdicion\/wp-json\/wp\/v2\/posts\/363640"}],"collection":[{"href":"http:\/\/www.noticiasdelparana.com.ar\/NuevaEdicion\/wp-json\/wp\/v2\/posts"}],"about":[{"href":"http:\/\/www.noticiasdelparana.com.ar\/NuevaEdicion\/wp-json\/wp\/v2\/types\/post"}],"author":[{"embeddable":true,"href":"http:\/\/www.noticiasdelparana.com.ar\/NuevaEdicion\/wp-json\/wp\/v2\/users\/3"}],"replies":[{"embeddable":true,"href":"http:\/\/www.noticiasdelparana.com.ar\/NuevaEdicion\/wp-json\/wp\/v2\/comments?post=363640"}],"version-history":[{"count":1,"href":"http:\/\/www.noticiasdelparana.com.ar\/NuevaEdicion\/wp-json\/wp\/v2\/posts\/363640\/revisions"}],"predecessor-version":[{"id":363686,"href":"http:\/\/www.noticiasdelparana.com.ar\/NuevaEdicion\/wp-json\/wp\/v2\/posts\/363640\/revisions\/363686"}],"wp:featuredmedia":[{"embeddable":true,"href":"http:\/\/www.noticiasdelparana.com.ar\/NuevaEdicion\/wp-json\/wp\/v2\/media\/363689"}],"wp:attachment":[{"href":"http:\/\/www.noticiasdelparana.com.ar\/NuevaEdicion\/wp-json\/wp\/v2\/media?parent=363640"}],"wp:term":[{"taxonomy":"category","embeddable":true,"href":"http:\/\/www.noticiasdelparana.com.ar\/NuevaEdicion\/wp-json\/wp\/v2\/categories?post=363640"},{"taxonomy":"post_tag","embeddable":true,"href":"http:\/\/www.noticiasdelparana.com.ar\/NuevaEdicion\/wp-json\/wp\/v2\/tags?post=363640"}],"curies":[{"name":"wp","href":"https:\/\/api.w.org\/{rel}","templated":true}]}}